{"id":944,"date":"2018-10-28T12:39:58","date_gmt":"2018-10-28T11:39:58","guid":{"rendered":"http:\/\/sankt-augustinus-esslingen.de\/?p=944"},"modified":"2018-12-08T13:03:59","modified_gmt":"2018-12-08T12:03:59","slug":"allerheiligen-und-allerseelen","status":"publish","type":"post","link":"https:\/\/sankt-augustinus-esslingen.de\/?p=944","title":{"rendered":"Allerheiligen und Allerseelen"},"content":{"rendered":"<p>Wer in den Abendstunden des 1. und 2. November die letzten Ruhest\u00e4tten seiner Angeh\u00f6rigen besucht, dem bietet sich mitunter ein beeindruckendes Bild. Denn an Allerseelen als auch schon an Allerheiligen werden die Friedh\u00f6fe von Hunderten von sogenannten &#8222;Seelenlichtern&#8220; beleuchtet.<\/p>\n<p><strong>Warum?<\/strong><\/p>\n<p>Theologisch gesehen ist Allerheiligen das Fest &#8222;aller der in Christus vollendeten&#8220; und wurde urspr\u00fcnglich am ersten Sonntag nach Pfingsten gefeiert. Erst im 8. Jahrhundert verlegte Papst Gregor IV. Allerheiligen auf den 1. November. Allerseelen ist dagegen der Gedenktag f\u00fcr die Verstorbenen. Er wird am 2. November gefeiert, seitdem Abt Odilo von Cluny 998 dieses Datum zum Gedenktag ausgerufen hat \u2013 zun\u00e4chst nur f\u00fcr die Verstorbenen der ihm unterstellten Kl\u00f6ster. Die N\u00e4he zum Winter und die damit verbundene Symbolik haben dazu gef\u00fchrt, dass Allerheiligen und Allerseelen quasi zu einem Doppelfest verschmolzen sind. Dass Allerheiligen in den Augen Vieler immer mehr zum Toten-Gedenktag wird, liegt daran, dass Allerheiligen ein gesetzlicher Feiertag ist, Allerseelen hingegen nicht (mehr).<\/p>\n<p>An Allerheiligen gilt das Gedenken aller Heiligen und Seligen, aller \u201ebesonderen Menschen\u201c. Sie sollen den Gl\u00e4ubigen Vorbild sein und ihr Leben, Richtschnur. An diesem Tag ehrt die Kirche alle die, welche auch \u00fcber das regul\u00e4re Heiligsprechungsverfahren heiliggesprochen wurden.<\/p>\n<p>Der Allerseelentag (meist schon am Nachmittag des Allerheiligentages) ist dem Gebet und stillen Gedenken der Heimgegangenen gewidmet. Gebete und Erinnerung lassen uns den Menschen die uns vorangegangen sind, nahe sein. Dieser Tag zeigt auch sehr deutlich die Verbundenheit zwischen Himmel und Erde auf. Es schafft Verbindung und h\u00e4lt Bindungen aufrecht. Am Allerseelen k\u00f6nnen auch Armenspeisungen, Spenden, Lichterbr\u00e4uche und Andachten dazu geh\u00f6ren. Der gemeinsame Nenner ist, dass Menschen f\u00fcr die Seelen der Verstorbenen beten und f\u00fcr sie gute Taten vollbringen. \u00a0\u00a0\u00a0\u00a0\u00a0\u00a0\u00a0\u00a0\u00a0\u00a0 <em>Peter G. Marx, Pfarrer <\/em><\/p>\n","protected":false},"excerpt":{"rendered":"<p>Wer in den Abendstunden des 1. und 2. November die letzten Ruhest\u00e4tten seiner Angeh\u00f6rigen besucht, dem bietet sich mitunter ein beeindruckendes Bild. Denn an Allerseelen als auch schon an Allerheiligen werden die Friedh\u00f6fe von Hunderten von sogenannten &#8222;Seelenlichtern&#8220; beleuchtet. Warum? Theologisch gesehen ist Allerheiligen das Fest &#8222;aller der in Christus vollendeten&#8220; und wurde urspr\u00fcnglich am &hellip; <\/p>\n<p class=\"link-more\"><a href=\"https:\/\/sankt-augustinus-esslingen.de\/?p=944\" class=\"more-link\"><span class=\"screen-reader-text\">\u201eAllerheiligen und Allerseelen\u201c <\/span>weiterlesen<\/a><\/p>\n","protected":false},"author":1,"featured_media":945,"comment_status":"closed","ping_status":"open","sticky":false,"template":"","format":"standard","meta":{"footnotes":""},"categories":[4],"tags":[],"class_list":["post-944","post","type-post","status-publish","format-standard","has-post-thumbnail","hentry","category-blickpunkt"],"_links":{"self":[{"href":"https:\/\/sankt-augustinus-esslingen.de\/index.php?rest_route=\/wp\/v2\/posts\/944","targetHints":{"allow":["GET"]}}],"collection":[{"href":"https:\/\/sankt-augustinus-esslingen.de\/index.php?rest_route=\/wp\/v2\/posts"}],"about":[{"href":"https:\/\/sankt-augustinus-esslingen.de\/index.php?rest_route=\/wp\/v2\/types\/post"}],"author":[{"embeddable":true,"href":"https:\/\/sankt-augustinus-esslingen.de\/index.php?rest_route=\/wp\/v2\/users\/1"}],"replies":[{"embeddable":true,"href":"https:\/\/sankt-augustinus-esslingen.de\/index.php?rest_route=%2Fwp%2Fv2%2Fcomments&post=944"}],"version-history":[{"count":1,"href":"https:\/\/sankt-augustinus-esslingen.de\/index.php?rest_route=\/wp\/v2\/posts\/944\/revisions"}],"predecessor-version":[{"id":946,"href":"https:\/\/sankt-augustinus-esslingen.de\/index.php?rest_route=\/wp\/v2\/posts\/944\/revisions\/946"}],"wp:featuredmedia":[{"embeddable":true,"href":"https:\/\/sankt-augustinus-esslingen.de\/index.php?rest_route=\/wp\/v2\/media\/945"}],"wp:attachment":[{"href":"https:\/\/sankt-augustinus-esslingen.de\/index.php?rest_route=%2Fwp%2Fv2%2Fmedia&parent=944"}],"wp:term":[{"taxonomy":"category","embeddable":true,"href":"https:\/\/sankt-augustinus-esslingen.de\/index.php?rest_route=%2Fwp%2Fv2%2Fcategories&post=944"},{"taxonomy":"post_tag","embeddable":true,"href":"https:\/\/sankt-augustinus-esslingen.de\/index.php?rest_route=%2Fwp%2Fv2%2Ftags&post=944"}],"curies":[{"name":"wp","href":"https:\/\/api.w.org\/{rel}","templated":true}]}}