{"id":853,"date":"2018-07-26T14:44:40","date_gmt":"2018-07-26T12:44:40","guid":{"rendered":"http:\/\/sankt-augustinus-esslingen.de\/?p=853"},"modified":"2018-10-28T17:50:55","modified_gmt":"2018-10-28T16:50:55","slug":"gemeinsames-fest-von-kindergarten-und-kirchengemeinde-st-augustinus","status":"publish","type":"post","link":"https:\/\/sankt-augustinus-esslingen.de\/?p=853","title":{"rendered":"Gemeinsames Fest von Kindergarten und Kirchengemeinde St. Augustinus"},"content":{"rendered":"<p>Der Himmel strahlte, die M\u00e4dchen und Jungen des Kindergartens hatten sich wunderbar verkleidet. Welche hatten sich rot, andere sich blau angezogen, wieder andere trugen Kost\u00fcme, Kopfschmuck\u2026 und sie bereiteten mit ihren vorbereiteten Liedern und T\u00e4nzen zu den \u201eVier Elementen\u201c die Jahresthema 2017\/2018 gewesen sind, allen Anwesenden gro\u00dfe Freude. Anschlie\u00dfend konnten sich alle am reich best\u00fcckten Kuchenbuffet, mit Kaffee und anderen Getr\u00e4nken st\u00e4rken. Danach gab es die Spielstra\u00dfe, eine Tombola und weitere Angebote. Ab 16:00 Uhr wurde gegrillt, \u201awas das Zeug hielt\u2018: Aus Respekt vor den muslimischen Familien hatten die Eink\u00e4uferinnen drauf geachtet, dass es zum klassischen Schweinehals viele Alternativen gab. Diese wurden auf einem zweiten Grill zubereitet.<br \/>\nAlle waren sich am Ende einig, es war ein sch\u00f6nes Fest und es hat nicht nur den M\u00e4dchen und Jungen und ihren Eltern und Geschwistern Spa\u00df gemacht. Auch so manche Senior\/in meinte, das war jetzt ein sehr sch\u00f6ner Nachmittag!<\/p>\n<p>Gabriele Fischer, Gemeindereferentin<\/p>\n","protected":false},"excerpt":{"rendered":"<p>Der Himmel strahlte, die M\u00e4dchen und Jungen des Kindergartens hatten sich wunderbar verkleidet. Welche hatten sich rot, andere sich blau angezogen, wieder andere trugen Kost\u00fcme, Kopfschmuck\u2026 und sie bereiteten mit ihren vorbereiteten Liedern und T\u00e4nzen zu den \u201eVier Elementen\u201c die Jahresthema 2017\/2018 gewesen sind, allen Anwesenden gro\u00dfe Freude. Anschlie\u00dfend konnten sich alle am reich best\u00fcckten &hellip; <\/p>\n<p class=\"link-more\"><a href=\"https:\/\/sankt-augustinus-esslingen.de\/?p=853\" class=\"more-link\"><span class=\"screen-reader-text\">\u201eGemeinsames Fest von Kindergarten und Kirchengemeinde St. Augustinus\u201c <\/span>weiterlesen<\/a><\/p>\n","protected":false},"author":1,"featured_media":0,"comment_status":"closed","ping_status":"open","sticky":false,"template":"","format":"standard","meta":{"footnotes":""},"categories":[4],"tags":[],"class_list":["post-853","post","type-post","status-publish","format-standard","hentry","category-blickpunkt"],"_links":{"self":[{"href":"https:\/\/sankt-augustinus-esslingen.de\/index.php?rest_route=\/wp\/v2\/posts\/853","targetHints":{"allow":["GET"]}}],"collection":[{"href":"https:\/\/sankt-augustinus-esslingen.de\/index.php?rest_route=\/wp\/v2\/posts"}],"about":[{"href":"https:\/\/sankt-augustinus-esslingen.de\/index.php?rest_route=\/wp\/v2\/types\/post"}],"author":[{"embeddable":true,"href":"https:\/\/sankt-augustinus-esslingen.de\/index.php?rest_route=\/wp\/v2\/users\/1"}],"replies":[{"embeddable":true,"href":"https:\/\/sankt-augustinus-esslingen.de\/index.php?rest_route=%2Fwp%2Fv2%2Fcomments&post=853"}],"version-history":[{"count":2,"href":"https:\/\/sankt-augustinus-esslingen.de\/index.php?rest_route=\/wp\/v2\/posts\/853\/revisions"}],"predecessor-version":[{"id":855,"href":"https:\/\/sankt-augustinus-esslingen.de\/index.php?rest_route=\/wp\/v2\/posts\/853\/revisions\/855"}],"wp:attachment":[{"href":"https:\/\/sankt-augustinus-esslingen.de\/index.php?rest_route=%2Fwp%2Fv2%2Fmedia&parent=853"}],"wp:term":[{"taxonomy":"category","embeddable":true,"href":"https:\/\/sankt-augustinus-esslingen.de\/index.php?rest_route=%2Fwp%2Fv2%2Fcategories&post=853"},{"taxonomy":"post_tag","embeddable":true,"href":"https:\/\/sankt-augustinus-esslingen.de\/index.php?rest_route=%2Fwp%2Fv2%2Ftags&post=853"}],"curies":[{"name":"wp","href":"https:\/\/api.w.org\/{rel}","templated":true}]}}