{"id":64,"date":"2018-07-21T09:18:10","date_gmt":"2018-07-21T07:18:10","guid":{"rendered":"http:\/\/sankt-augustinus-esslingen.de\/?p=64"},"modified":"2018-12-21T11:17:13","modified_gmt":"2018-12-21T10:17:13","slug":"juli-2018","status":"publish","type":"post","link":"https:\/\/sankt-augustinus-esslingen.de\/?p=64","title":{"rendered":"Juli 2018"},"content":{"rendered":"<p><span style=\"font-size: 1rem;\"><img loading=\"lazy\" decoding=\"async\" class=\"size-medium wp-image-67 alignright\" src=\"https:\/\/sankt-augustinus-esslingen.de\/wp-content\/uploads\/2018\/07\/sonnenblume-263x300.jpg\" alt=\"\" width=\"263\" height=\"300\" srcset=\"https:\/\/sankt-augustinus-esslingen.de\/wp-content\/uploads\/2018\/07\/sonnenblume-263x300.jpg 263w, https:\/\/sankt-augustinus-esslingen.de\/wp-content\/uploads\/2018\/07\/sonnenblume.jpg 278w\" sizes=\"auto, (max-width: 263px) 100vw, 263px\" \/>Wie freu`ich mich der Sommerwonne!<\/span><\/p>\n<div>\n<p>Wie freu`ich mich der Sommerwonne,<br \/>\nDes frischen Gr\u00fcns in Feld und Wald,<br \/>\nWenn`s lebt und webt im Glanz der Sonne<br \/>\nUnd wenn`s von allen Zweigen schallt!<br \/>\nIch m\u00f6chte jedes Bl\u00fcmchen fragen:<br \/>\nHast du nicht einen Gru\u00df f\u00fcr mich?<br \/>\nIch m\u00f6chte jedem Vogel sagen:<br \/>\nSing, V\u00f6glein, sing und freue dich!<br \/>\nDie Welt ist mein, ich f\u00fchl es wieder:<br \/>\nWer wollte sich nicht ihrer freu`n,<br \/>\nWenn er durch frohe Fr\u00fchlingslieder<br \/>\nSich seine Jugend kann erneu`n?<br \/>\nKein Sehnen zieht mich in die Ferne,<br \/>\nKein Hoffen lohnet mich mit Schmerz;<br \/>\nDa wo ich bin, da bin ich gerne,<br \/>\nDenn meine Heimat ist mein Herz.<\/p>\n<p><em>(Hoffmann von Fallersleben)<\/em><\/p>\n<p>&nbsp;<\/p>\n<p>Liebe Leserinnen und Leser,<\/p>\n<p>geht es ihnen auch so, dass sie sich darauf freuen, ohne zeitliche Eingrenzung durch Arbeit und Schule, diese Sommerzeit genie\u00dfen zu k\u00f6nnen?<\/p>\n<p>Oder haben Sie auch den Fehler gemacht, die Sommerzeit mit unz\u00e4hligen Aktivit\u00e4ten zu f\u00fcllen. So dass sie, obwohl sie es sich ganz anders vorgenommen haben, von Termin zu Termin hetzen.<\/p>\n<p>Genau hier hilft das Rezept der Gelassenheit. Streichen Sie 40 Prozent des vorgenommenen und dividieren Sie es durch drei. Subtrahieren Sie es mit 10 und teilen es noch einmal um zwei. So geht es Ihnen bestimmt besser und Sie starten neu in das neue Schul- und Arbeitsjahr. Dies w\u00fcnscht Ihnen vom Pastoralteam<\/p>\n<p>Pfarrer Peter G. Marx<\/p>\n<\/div>\n","protected":false},"excerpt":{"rendered":"<p>Wie freu`ich mich der Sommerwonne! Wie freu`ich mich der Sommerwonne, Des frischen Gr\u00fcns in Feld und Wald, Wenn`s lebt und webt im Glanz der Sonne Und wenn`s von allen Zweigen schallt! Ich m\u00f6chte jedes Bl\u00fcmchen fragen: Hast du nicht einen Gru\u00df f\u00fcr mich? Ich m\u00f6chte jedem Vogel sagen: Sing, V\u00f6glein, sing und freue dich! Die &hellip; <\/p>\n<p class=\"link-more\"><a href=\"https:\/\/sankt-augustinus-esslingen.de\/?p=64\" class=\"more-link\"><span class=\"screen-reader-text\">\u201eJuli 2018\u201c <\/span>weiterlesen<\/a><\/p>\n","protected":false},"author":1,"featured_media":0,"comment_status":"closed","ping_status":"open","sticky":false,"template":"","format":"standard","meta":{"footnotes":""},"categories":[4],"tags":[],"class_list":["post-64","post","type-post","status-publish","format-standard","hentry","category-blickpunkt"],"_links":{"self":[{"href":"https:\/\/sankt-augustinus-esslingen.de\/index.php?rest_route=\/wp\/v2\/posts\/64","targetHints":{"allow":["GET"]}}],"collection":[{"href":"https:\/\/sankt-augustinus-esslingen.de\/index.php?rest_route=\/wp\/v2\/posts"}],"about":[{"href":"https:\/\/sankt-augustinus-esslingen.de\/index.php?rest_route=\/wp\/v2\/types\/post"}],"author":[{"embeddable":true,"href":"https:\/\/sankt-augustinus-esslingen.de\/index.php?rest_route=\/wp\/v2\/users\/1"}],"replies":[{"embeddable":true,"href":"https:\/\/sankt-augustinus-esslingen.de\/index.php?rest_route=%2Fwp%2Fv2%2Fcomments&post=64"}],"version-history":[{"count":2,"href":"https:\/\/sankt-augustinus-esslingen.de\/index.php?rest_route=\/wp\/v2\/posts\/64\/revisions"}],"predecessor-version":[{"id":68,"href":"https:\/\/sankt-augustinus-esslingen.de\/index.php?rest_route=\/wp\/v2\/posts\/64\/revisions\/68"}],"wp:attachment":[{"href":"https:\/\/sankt-augustinus-esslingen.de\/index.php?rest_route=%2Fwp%2Fv2%2Fmedia&parent=64"}],"wp:term":[{"taxonomy":"category","embeddable":true,"href":"https:\/\/sankt-augustinus-esslingen.de\/index.php?rest_route=%2Fwp%2Fv2%2Fcategories&post=64"},{"taxonomy":"post_tag","embeddable":true,"href":"https:\/\/sankt-augustinus-esslingen.de\/index.php?rest_route=%2Fwp%2Fv2%2Ftags&post=64"}],"curies":[{"name":"wp","href":"https:\/\/api.w.org\/{rel}","templated":true}]}}