{"id":286,"date":"2018-07-25T20:55:48","date_gmt":"2018-07-25T18:55:48","guid":{"rendered":"http:\/\/sankt-augustinus-esslingen.de\/?p=286"},"modified":"2018-07-26T12:18:23","modified_gmt":"2018-07-26T10:18:23","slug":"feiern","status":"publish","type":"post","link":"https:\/\/sankt-augustinus-esslingen.de\/?p=286","title":{"rendered":"Feiern"},"content":{"rendered":"<div>\n<h4><big><big>Feier der Taufe, des Begr\u00e4bnisses und der Bu\u00dfe<br \/>\nF\u00fcrbitten zum Jahresged\u00e4chtnis,<\/big><\/big><big><big>\u00a0<\/big><\/big><\/h4>\n<\/div>\n<div><span style=\"font-size: large;\"> Feier der Taufe<br \/>\n&#8211;<\/p>\n<p>Trauungen<br \/>\n&#8211;<\/p>\n<p>Feier des Begr\u00e4bnisses<br \/>\n<\/span><span style=\"font-size: large;\">&#8211;<\/p>\n<p>Feier der Bu\u00dfe<br \/>\n<small><big> Beichtgespr\u00e4ch nach\u00a0Vereinbarung.\u00a0\u00a0<\/big><\/small><big><small><\/p>\n<p><\/small> <small>F\u00fcrbitte zum Jahresged\u00e4chtnis<\/small><br \/>\n<\/big><small><big><\/big><\/small><big>&#8211;<\/big><\/span><\/div>\n","protected":false},"excerpt":{"rendered":"<p>Feier der Taufe, des Begr\u00e4bnisses und der Bu\u00dfe F\u00fcrbitten zum Jahresged\u00e4chtnis,\u00a0 Feier der Taufe &#8211; Trauungen &#8211; Feier des Begr\u00e4bnisses &#8211; Feier der Bu\u00dfe Beichtgespr\u00e4ch nach\u00a0Vereinbarung.\u00a0\u00a0 F\u00fcrbitte zum Jahresged\u00e4chtnis &#8211;<\/p>\n","protected":false},"author":1,"featured_media":0,"comment_status":"closed","ping_status":"open","sticky":false,"template":"","format":"standard","meta":{"footnotes":""},"categories":[4],"tags":[],"class_list":["post-286","post","type-post","status-publish","format-standard","hentry","category-blickpunkt"],"_links":{"self":[{"href":"https:\/\/sankt-augustinus-esslingen.de\/index.php?rest_route=\/wp\/v2\/posts\/286","targetHints":{"allow":["GET"]}}],"collection":[{"href":"https:\/\/sankt-augustinus-esslingen.de\/index.php?rest_route=\/wp\/v2\/posts"}],"about":[{"href":"https:\/\/sankt-augustinus-esslingen.de\/index.php?rest_route=\/wp\/v2\/types\/post"}],"author":[{"embeddable":true,"href":"https:\/\/sankt-augustinus-esslingen.de\/index.php?rest_route=\/wp\/v2\/users\/1"}],"replies":[{"embeddable":true,"href":"https:\/\/sankt-augustinus-esslingen.de\/index.php?rest_route=%2Fwp%2Fv2%2Fcomments&post=286"}],"version-history":[{"count":1,"href":"https:\/\/sankt-augustinus-esslingen.de\/index.php?rest_route=\/wp\/v2\/posts\/286\/revisions"}],"predecessor-version":[{"id":287,"href":"https:\/\/sankt-augustinus-esslingen.de\/index.php?rest_route=\/wp\/v2\/posts\/286\/revisions\/287"}],"wp:attachment":[{"href":"https:\/\/sankt-augustinus-esslingen.de\/index.php?rest_route=%2Fwp%2Fv2%2Fmedia&parent=286"}],"wp:term":[{"taxonomy":"category","embeddable":true,"href":"https:\/\/sankt-augustinus-esslingen.de\/index.php?rest_route=%2Fwp%2Fv2%2Fcategories&post=286"},{"taxonomy":"post_tag","embeddable":true,"href":"https:\/\/sankt-augustinus-esslingen.de\/index.php?rest_route=%2Fwp%2Fv2%2Ftags&post=286"}],"curies":[{"name":"wp","href":"https:\/\/api.w.org\/{rel}","templated":true}]}}