{"id":279,"date":"2018-07-25T20:50:13","date_gmt":"2018-07-25T18:50:13","guid":{"rendered":"http:\/\/sankt-augustinus-esslingen.de\/?p=279"},"modified":"2018-07-26T12:18:48","modified_gmt":"2018-07-26T10:18:48","slug":"seelsorgliches-gespraech-und-sakrament-der-versoehnung-in-st-paul","status":"publish","type":"post","link":"https:\/\/sankt-augustinus-esslingen.de\/?p=279","title":{"rendered":"Seelsorgliches Gespr\u00e4ch und Sakrament  der Vers\u00f6hnung in St. Paul"},"content":{"rendered":"<h4><big>Die n\u00e4chsten M\u00f6glichkeiten zum Seelsorglichen Gespr\u00e4ch<br \/>\nund zum Sakrament der Vers\u00f6hnung (Beichte):<\/big><big><small><\/small><\/big><\/h4>\n<p><big><small>jeweils samstags 16.30 \u2013 17.30 Uhr:<\/small><\/big><\/p>\n<p><big><small><\/small><\/big><big><small><\/small><\/big><big><small>07. Juli <\/small><\/big><big><small>Pfarrer <\/small><\/big><big><small>Eke<\/small><\/big><big><small><\/small><\/big><big><small><\/small><\/big><br \/>\n<big><small> 14. Juli <\/small><\/big><big><small>Pfarrer <\/small><\/big><big><small><\/small><\/big><big><small><\/small><\/big><big><small>Marx<\/small><\/big><big><small><\/small><\/big><big><small><\/small><\/big><br \/>\n<big><small><\/small><\/big><big><small><\/small><\/big><big><small>21. Juli <\/small><\/big><big><small>Pfarrer<\/small><\/big><big><small> Scheifele<\/small><\/big><big><small><\/small><\/big><big><small><\/small><\/big><br \/>\n<big><small>28. Juli <\/small><\/big><big><small>entf\u00e4llt die Beichte<\/small><\/big><big><small><br \/>\n<\/small><\/big><big><small><\/small><\/big><big><small><\/small><\/big><big><small> <\/small><\/big><big><small><\/small><\/big><big><small><\/small><\/big><big><small> <\/small><\/big><\/p>\n<p>Wenn Sie au\u00dferhalb dieser Zeiten ein Seelsorgliches Gespr\u00e4ch w\u00fcnschen oder das Sakrament der Vers\u00f6hnung empfangen m\u00f6chten, d\u00fcrfen Sie sich gerne wenden an: Pfarrer Stefan M\u00f6hler, Mettinger Stra\u00dfe 2 (auf der gegen\u00fcberliegenden Stra\u00dfenseite von St. Paul), Telefon 0711 3969190, Mail: <a href=\"mailto:stefan.moehler@drs.de\">stefan.moehler@drs.de<\/a>.<\/p>\n<div>Oder Sie wenden sich an ein anderes Mitglied unseres Seelsorgerteams;<br \/>\ndie Kontaktdaten erfahren Sie beim Pfarramt St. Paul (Adresse \/ Telefon wie oben).<\/div>\n","protected":false},"excerpt":{"rendered":"<p>Die n\u00e4chsten M\u00f6glichkeiten zum Seelsorglichen Gespr\u00e4ch und zum Sakrament der Vers\u00f6hnung (Beichte): jeweils samstags 16.30 \u2013 17.30 Uhr: 07. Juli Pfarrer Eke 14. Juli Pfarrer Marx 21. Juli Pfarrer Scheifele 28. Juli entf\u00e4llt die Beichte Wenn Sie au\u00dferhalb dieser Zeiten ein Seelsorgliches Gespr\u00e4ch w\u00fcnschen oder das Sakrament der Vers\u00f6hnung empfangen m\u00f6chten, d\u00fcrfen Sie sich gerne &hellip; <\/p>\n<p class=\"link-more\"><a href=\"https:\/\/sankt-augustinus-esslingen.de\/?p=279\" class=\"more-link\"><span class=\"screen-reader-text\">\u201eSeelsorgliches Gespr\u00e4ch und Sakrament  der Vers\u00f6hnung in St. Paul\u201c <\/span>weiterlesen<\/a><\/p>\n","protected":false},"author":1,"featured_media":0,"comment_status":"closed","ping_status":"open","sticky":false,"template":"","format":"standard","meta":{"footnotes":""},"categories":[4],"tags":[],"class_list":["post-279","post","type-post","status-publish","format-standard","hentry","category-blickpunkt"],"_links":{"self":[{"href":"https:\/\/sankt-augustinus-esslingen.de\/index.php?rest_route=\/wp\/v2\/posts\/279","targetHints":{"allow":["GET"]}}],"collection":[{"href":"https:\/\/sankt-augustinus-esslingen.de\/index.php?rest_route=\/wp\/v2\/posts"}],"about":[{"href":"https:\/\/sankt-augustinus-esslingen.de\/index.php?rest_route=\/wp\/v2\/types\/post"}],"author":[{"embeddable":true,"href":"https:\/\/sankt-augustinus-esslingen.de\/index.php?rest_route=\/wp\/v2\/users\/1"}],"replies":[{"embeddable":true,"href":"https:\/\/sankt-augustinus-esslingen.de\/index.php?rest_route=%2Fwp%2Fv2%2Fcomments&post=279"}],"version-history":[{"count":1,"href":"https:\/\/sankt-augustinus-esslingen.de\/index.php?rest_route=\/wp\/v2\/posts\/279\/revisions"}],"predecessor-version":[{"id":280,"href":"https:\/\/sankt-augustinus-esslingen.de\/index.php?rest_route=\/wp\/v2\/posts\/279\/revisions\/280"}],"wp:attachment":[{"href":"https:\/\/sankt-augustinus-esslingen.de\/index.php?rest_route=%2Fwp%2Fv2%2Fmedia&parent=279"}],"wp:term":[{"taxonomy":"category","embeddable":true,"href":"https:\/\/sankt-augustinus-esslingen.de\/index.php?rest_route=%2Fwp%2Fv2%2Fcategories&post=279"},{"taxonomy":"post_tag","embeddable":true,"href":"https:\/\/sankt-augustinus-esslingen.de\/index.php?rest_route=%2Fwp%2Fv2%2Ftags&post=279"}],"curies":[{"name":"wp","href":"https:\/\/api.w.org\/{rel}","templated":true}]}}