{"id":2652,"date":"2021-06-13T16:07:06","date_gmt":"2021-06-13T14:07:06","guid":{"rendered":"https:\/\/sankt-augustinus-esslingen.de\/?p=2652"},"modified":"2022-07-14T19:50:11","modified_gmt":"2022-07-14T17:50:11","slug":"ausblick","status":"publish","type":"post","link":"https:\/\/sankt-augustinus-esslingen.de\/?p=2652","title":{"rendered":"Ausblick"},"content":{"rendered":"<p><strong>Brauche ich Kirche?<\/strong><\/p>\n<p>In der letzten Zeit bin ich mit der Tatsache konfrontiert worden, Entscheidungen f\u00fcr die Zukunft meiner Kirche vorzubereiten:<\/p>\n<p>Tatsache ist, dass die Zahl der kirchlichen Mitarbeiter schwindet und die Gottesdienste nicht mehr jeden Sonntag als Eucharistiefeier angeboten werden k\u00f6nnen. Die Zahl der Ehrenamtlichen, die bereit sind, Wortgottesfeiern zu \u00fcbernehmen, ist \u00fcberschaubar.<\/p>\n<p>Tatsache ist auch, dass die finanziellen Ressourcen schwinden. Die Zahl der Mitglieder sinkt, damit sinken auch die Kirchensteuermittel. Das neue Thema sind die Immobilien. Auf was k\u00f6nnen wir verzichten. Das sind \u00dcberlegungen, die wir<\/p>\n<p>im Kirchengemeinderat anstellen m\u00fcssen. Auf was k\u00f6nnen wir verzichten, weil gar nicht mehr der Bedarf an R\u00e4umen vorhanden ist.<\/p>\n<p>Ich erfahre die N\u00f6te der Hauptamtlichen, die Gemeinden gut zu versorgen. Wer k\u00fcmmert sich um die Aktivit\u00e4ten in der Gemeinde, wenn immer mehr Mitarbeiter wegfallen? Was bin ich selber als Ehrenamtliche bereit und f\u00e4hig zu \u00fcbernehmen?<\/p>\n<p><strong>Was bedeutet f\u00fcr mich Kirche? Was brauche ich, was mir \u201eKirche\u201c bieten kann?<\/strong><\/p>\n<p>Ich brauche nicht eine Kirche, die Skandale kleinredet, Verbrechen vertuscht, Frauen nicht denselben Wert wie M\u00e4nnern einr\u00e4umt, den Segen nicht f\u00fcr alle Menschen in gleichem Ma\u00dfe zubilligt usw. ohne jetzt auf die einzelnen Punkte einzugehen.<\/p>\n<p>Schleppende Entwicklung beim Synodalen Weg. Mein Mann fragt mich k\u00fcrzlich, was geschieht dort \u00fcberhaupt: \u201eErst k\u00fcndigen sie es gro\u00df an, dann h\u00f6rt man nichts mehr\u201c.<\/p>\n<p>Meine Frage danach, was bewegt sich denn in unserer Kirche, ist sicher jetzt in Zeiten der Corona-Pandemie noch schwerer zu erkennen. Pfarrer M\u00f6hler hat in seinem Artikel unseren Blick auf die kleinen Schritte gelenkt.<\/p>\n<p>Wenn ich \u00fcberlege, was ich brauche, dann f\u00e4llt mir ein:<\/p>\n<ul>\n<li>Ich brauche die zehn Gebote, denn sie sind f\u00fcr mich die Grundlage des Zusammenlebens in unserer Gesellschaft.<\/li>\n<li>Ich brauche immer wieder eine R\u00fcckbesinnung, was sie f\u00fcr mich heute bedeuten.<\/li>\n<li>Ich brauche einen Ort der Ruhe und einen Ort, an dem ich das, was mich belastet, mal ablegen kann.<\/li>\n<li>Ich brauche einen Rahmen, in dem ich f\u00fcr mich selber herausfinden kann, was ich wirklich m\u00f6chte.<\/li>\n<li>Ich brauche die Erfahrung, dass es m\u00f6glich ist Kraft zu sch\u00f6pfen, \u00fcber mich hinaus zu wachsen.<\/li>\n<li>Ich brauche die Gemeinschaft, denn ohne diese kann ich nicht leben (dies sp\u00fcren wir schmerzlich in dieser Zeit durch die Ma\u00dfnahmen zum Infektionsschutz).<\/li>\n<li>Ich brauche Kirche, weil ich m\u00f6chte, dass auch die nachr\u00fcckenden Generationen auf diesem Weg begleitet werden.<\/li>\n<li>Ich brauche Menschen, die mir immer wieder Impulse f\u00fcr Neues geben, mit denen ich auch \u00fcber verschiedene Themen nachdenken kann.<\/li>\n<li>Ich brauche einen Ort, an dem ich mich mit diesen Menschen treffen kann.<\/li>\n<\/ul>\n<p>\u00c4hnliches h\u00f6re ich von vielen, die ich danach gefragt habe.<\/p>\n<p>Wenn ich diejenigen frage, die nicht zu den regelm\u00e4\u00dfigen Kirchg\u00e4ngern z\u00e4hlen, h\u00f6re ich:<\/p>\n<ul>\n<li>Wir brauchen Kirche als Institution, weil sie sich um die Menschen k\u00fcmmern, die am Rande der Gesellschaft leben, die einsam und traurig sind, und und und.<\/li>\n<li>Wir brauchen Kirche als Tr\u00e4ger f\u00fcr Kinderg\u00e4rten.<\/li>\n<li>Wir brauchen Kirche als Tr\u00e4ger der Hilfswerke, damit die gr\u00f6\u00dfte Not gelindert werden kann. Die Spendenbereitschaft ist ja da.<\/li>\n<\/ul>\n<p>Im Augenblick habe ich auf viele Fragen keine schl\u00fcssigen Antworten. Gerne m\u00f6chte ich mit anderen aus der Gemeinde dar\u00fcber reden. Aber das ist, in Zeiten der Pandemie, nicht so einfach m\u00f6glich.<\/p>\n<p>Ich w\u00fcnsche mir, dass R\u00fcckmeldungen im positiven Sinn, an mich herangetragen werden:<\/p>\n<p>Was ist Ihr Grund in der Kirche zu sein?<\/p>\n<ul>\n<li>Was k\u00f6nnten Sie sich vorstellen hier vor Ort zu \u00e4ndern (ohne jetzt auf die globale Situation in der Kirche einzugehen)<\/li>\n<li>Was sind Sie bereit, selber dazu beizutragen, auch wenn Sie es nicht alleine machen m\u00f6chten oder k\u00f6nnen.<\/li>\n<\/ul>\n<p>Gisela Knibbe<\/p>\n","protected":false},"excerpt":{"rendered":"<p>Brauche ich Kirche? In der letzten Zeit bin ich mit der Tatsache konfrontiert worden, Entscheidungen f\u00fcr die Zukunft meiner Kirche vorzubereiten: Tatsache ist, dass die Zahl der kirchlichen Mitarbeiter schwindet und die Gottesdienste nicht mehr jeden Sonntag als Eucharistiefeier angeboten werden k\u00f6nnen. Die Zahl der Ehrenamtlichen, die bereit sind, Wortgottesfeiern zu \u00fcbernehmen, ist \u00fcberschaubar. Tatsache &hellip; <\/p>\n<p class=\"link-more\"><a href=\"https:\/\/sankt-augustinus-esslingen.de\/?p=2652\" class=\"more-link\"><span class=\"screen-reader-text\">\u201eAusblick\u201c <\/span>weiterlesen<\/a><\/p>\n","protected":false},"author":1,"featured_media":0,"comment_status":"closed","ping_status":"open","sticky":false,"template":"","format":"standard","meta":{"footnotes":""},"categories":[4],"tags":[],"class_list":["post-2652","post","type-post","status-publish","format-standard","hentry","category-blickpunkt"],"_links":{"self":[{"href":"https:\/\/sankt-augustinus-esslingen.de\/index.php?rest_route=\/wp\/v2\/posts\/2652","targetHints":{"allow":["GET"]}}],"collection":[{"href":"https:\/\/sankt-augustinus-esslingen.de\/index.php?rest_route=\/wp\/v2\/posts"}],"about":[{"href":"https:\/\/sankt-augustinus-esslingen.de\/index.php?rest_route=\/wp\/v2\/types\/post"}],"author":[{"embeddable":true,"href":"https:\/\/sankt-augustinus-esslingen.de\/index.php?rest_route=\/wp\/v2\/users\/1"}],"replies":[{"embeddable":true,"href":"https:\/\/sankt-augustinus-esslingen.de\/index.php?rest_route=%2Fwp%2Fv2%2Fcomments&post=2652"}],"version-history":[{"count":1,"href":"https:\/\/sankt-augustinus-esslingen.de\/index.php?rest_route=\/wp\/v2\/posts\/2652\/revisions"}],"predecessor-version":[{"id":2653,"href":"https:\/\/sankt-augustinus-esslingen.de\/index.php?rest_route=\/wp\/v2\/posts\/2652\/revisions\/2653"}],"wp:attachment":[{"href":"https:\/\/sankt-augustinus-esslingen.de\/index.php?rest_route=%2Fwp%2Fv2%2Fmedia&parent=2652"}],"wp:term":[{"taxonomy":"category","embeddable":true,"href":"https:\/\/sankt-augustinus-esslingen.de\/index.php?rest_route=%2Fwp%2Fv2%2Fcategories&post=2652"},{"taxonomy":"post_tag","embeddable":true,"href":"https:\/\/sankt-augustinus-esslingen.de\/index.php?rest_route=%2Fwp%2Fv2%2Ftags&post=2652"}],"curies":[{"name":"wp","href":"https:\/\/api.w.org\/{rel}","templated":true}]}}