{"id":2644,"date":"2021-06-13T16:00:29","date_gmt":"2021-06-13T14:00:29","guid":{"rendered":"https:\/\/sankt-augustinus-esslingen.de\/?p=2644"},"modified":"2022-07-14T19:51:19","modified_gmt":"2022-07-14T17:51:19","slug":"sakrament-der-versoehnung-im-muenster-st-paul-9","status":"publish","type":"post","link":"https:\/\/sankt-augustinus-esslingen.de\/?p=2644","title":{"rendered":"Sakrament der Vers\u00f6hnung im M\u00fcnster St. Paul"},"content":{"rendered":"<p><strong>Sakrament der Vers\u00f6hnung im M\u00fcnster St. Paul<\/strong><strong><br \/>\n<\/strong>Die n\u00e4chsten M\u00f6glichkeiten zum seelsorglichen Gespr\u00e4ch und zum Sakrament der Vers\u00f6hnung (Beichte) immer samstags 16.30 \u2013 17.30 Uhr:<\/p>\n<table style=\"border-collapse: collapse; width: 100%; height: 130px;\">\n<tbody>\n<tr style=\"height: 26px;\">\n<td style=\"width: 50%; height: 26px;\">5. Juni Pfarrer Eke<\/td>\n<td style=\"width: 50%; height: 26px;\">03. Juli Pfarrer M\u00f6hler<\/td>\n<\/tr>\n<tr style=\"height: 26px;\">\n<td style=\"width: 50%; height: 26px;\">6. Juni Pfarrer M\u00f6hler<\/td>\n<td style=\"width: 50%; height: 26px;\">10. Juli Pfarrer Marx<\/td>\n<\/tr>\n<tr style=\"height: 26px;\">\n<td style=\"width: 50%; height: 26px;\">7. Juni Pfarrer Scheifele<\/td>\n<td style=\"width: 50%; height: 26px;\">17. Juli Pfarrer Eke<\/td>\n<\/tr>\n<tr style=\"height: 26px;\">\n<td style=\"width: 50%; height: 26px;\">8. Juni Pfarrer Marx<\/td>\n<td style=\"width: 50%; height: 26px;\">24. Juli Pfarrer M\u00f6hler<\/td>\n<\/tr>\n<tr style=\"height: 26px;\">\n<td style=\"width: 50%; height: 26px;\">9. Juli Pfarrer Eke<\/td>\n<td style=\"width: 50%; height: 26px;\"><\/td>\n<\/tr>\n<\/tbody>\n<\/table>\n<p>&nbsp;<\/p>\n","protected":false},"excerpt":{"rendered":"<p>Sakrament der Vers\u00f6hnung im M\u00fcnster St. Paul Die n\u00e4chsten M\u00f6glichkeiten zum seelsorglichen Gespr\u00e4ch und zum Sakrament der Vers\u00f6hnung (Beichte) immer samstags 16.30 \u2013 17.30 Uhr: 5. Juni Pfarrer Eke 03. Juli Pfarrer M\u00f6hler 6. Juni Pfarrer M\u00f6hler 10. Juli Pfarrer Marx 7. Juni Pfarrer Scheifele 17. Juli Pfarrer Eke 8. Juni Pfarrer Marx 24. Juli &hellip; <\/p>\n<p class=\"link-more\"><a href=\"https:\/\/sankt-augustinus-esslingen.de\/?p=2644\" class=\"more-link\"><span class=\"screen-reader-text\">\u201eSakrament der Vers\u00f6hnung im M\u00fcnster St. Paul\u201c <\/span>weiterlesen<\/a><\/p>\n","protected":false},"author":1,"featured_media":2571,"comment_status":"closed","ping_status":"open","sticky":false,"template":"","format":"standard","meta":{"footnotes":""},"categories":[4],"tags":[],"class_list":["post-2644","post","type-post","status-publish","format-standard","has-post-thumbnail","hentry","category-blickpunkt"],"_links":{"self":[{"href":"https:\/\/sankt-augustinus-esslingen.de\/index.php?rest_route=\/wp\/v2\/posts\/2644","targetHints":{"allow":["GET"]}}],"collection":[{"href":"https:\/\/sankt-augustinus-esslingen.de\/index.php?rest_route=\/wp\/v2\/posts"}],"about":[{"href":"https:\/\/sankt-augustinus-esslingen.de\/index.php?rest_route=\/wp\/v2\/types\/post"}],"author":[{"embeddable":true,"href":"https:\/\/sankt-augustinus-esslingen.de\/index.php?rest_route=\/wp\/v2\/users\/1"}],"replies":[{"embeddable":true,"href":"https:\/\/sankt-augustinus-esslingen.de\/index.php?rest_route=%2Fwp%2Fv2%2Fcomments&post=2644"}],"version-history":[{"count":1,"href":"https:\/\/sankt-augustinus-esslingen.de\/index.php?rest_route=\/wp\/v2\/posts\/2644\/revisions"}],"predecessor-version":[{"id":2645,"href":"https:\/\/sankt-augustinus-esslingen.de\/index.php?rest_route=\/wp\/v2\/posts\/2644\/revisions\/2645"}],"wp:featuredmedia":[{"embeddable":true,"href":"https:\/\/sankt-augustinus-esslingen.de\/index.php?rest_route=\/wp\/v2\/media\/2571"}],"wp:attachment":[{"href":"https:\/\/sankt-augustinus-esslingen.de\/index.php?rest_route=%2Fwp%2Fv2%2Fmedia&parent=2644"}],"wp:term":[{"taxonomy":"category","embeddable":true,"href":"https:\/\/sankt-augustinus-esslingen.de\/index.php?rest_route=%2Fwp%2Fv2%2Fcategories&post=2644"},{"taxonomy":"post_tag","embeddable":true,"href":"https:\/\/sankt-augustinus-esslingen.de\/index.php?rest_route=%2Fwp%2Fv2%2Ftags&post=2644"}],"curies":[{"name":"wp","href":"https:\/\/api.w.org\/{rel}","templated":true}]}}