{"id":2631,"date":"2021-06-10T19:17:26","date_gmt":"2021-06-10T17:17:26","guid":{"rendered":"https:\/\/sankt-augustinus-esslingen.de\/?p=2631"},"modified":"2022-07-14T19:51:38","modified_gmt":"2022-07-14T17:51:38","slug":"kinderfreizeit-19-06-die-ruhe-im-sturm","status":"publish","type":"post","link":"https:\/\/sankt-augustinus-esslingen.de\/?p=2631","title":{"rendered":"Kinderfreizeit 19.06. &#8211; die Ruhe im Sturm"},"content":{"rendered":"<p>Liebe Eltern und Kinder,<\/p>\n<p>vor den Pfingstferien hatten wir uns bereits gemeldet mit dem Entwurf f\u00fcr ein <a href=\"https:\/\/sankt-augustinus-esslingen.de\/?p=2610\">Kinderwochenende am 19.\/20.6.2021.<\/a><\/p>\n<p>Wir hatten geplant mit einer \u00dcbernachtung in den eigenen 1-2-Personenzelten, in der Hoffnung, damit den Coronabedingungen ausreichend nachzukommen. Leider sind \u00dcbernachtungen im Rahmen der Kinder- und Jugendarbeit jedoch weiterhin nicht genehmigt.<\/p>\n<p>Wir laden daher ein zu einer Freizeit im Freien ohne \u00dcbernachtung, auf dem &#8211; wundersch\u00f6n unterhalb des J\u00e4gerhauses gelegenen &#8211; St\u00fcckle des CVJM Hegensberg, am Samstag, den 19.6., Beginn 11.00 Uhr Ende 22.00 Uhr Treffpunkt Parkplatz der Tennispl\u00e4tze am J\u00e4gerhaus.<\/p>\n<p>Transport zum Treffpunkt und zur\u00fcck individuell durch die Eltern oder auch mit VVS (s. Anhang).<\/p>\n<p>Ein ausf\u00fchrliches Hygienekonzept nach den aktuell g\u00fcltigen Corona-Regeln liegt vor; lt. telefonischer Info heute entf\u00e4llt bis zum 19.6. m\u00f6glicherweise die Maskenpflicht f\u00fcr Kinderveranstaltungen im Freien &#8211; wir hoffen darauf!<\/p>\n<p>Anmeldung \u00fcber das evang. Pfarramt:<\/p>\n<p><a href=\"mailto:Pfarramt.Esslingen.Zollberg@elkw.de\">Pfarramt.Esslingen.Zollberg@elkw.de<\/a><\/p>\n<p>Genaue Infos folgen per e-mail an Alle, die sich angemeldet haben.<\/p>\n<p>Bitte geben Sie\/gebt die Einladung weiter!<\/p>\n<p>In der Hoffnung auf einen wunderbaren Tag im Freien,<\/p>\n<p>&nbsp;<\/p>\n<p>Beate Schleth<\/p>\n<p>(f\u00fcr die \u00f6kumenischen Jugendmitarbeiter)<\/p>\n<p><a href=\"https:\/\/sankt-augustinus-esslingen.de\/wp-content\/uploads\/2021\/06\/Flyer_Kinderwochenende_Juni21.pdf\">Flyer_Kinderwochenende_Juni21<\/a><\/p>\n<p><a href=\"https:\/\/sankt-augustinus-esslingen.de\/wp-content\/uploads\/2021\/06\/Fahrtempfehlung_-VVS.pdf\">Anfahrt VVS<\/a><\/p>\n","protected":false},"excerpt":{"rendered":"<p>Liebe Eltern und Kinder, vor den Pfingstferien hatten wir uns bereits gemeldet mit dem Entwurf f\u00fcr ein Kinderwochenende am 19.\/20.6.2021. Wir hatten geplant mit einer \u00dcbernachtung in den eigenen 1-2-Personenzelten, in der Hoffnung, damit den Coronabedingungen ausreichend nachzukommen. Leider sind \u00dcbernachtungen im Rahmen der Kinder- und Jugendarbeit jedoch weiterhin nicht genehmigt. Wir laden daher ein &hellip; <\/p>\n<p class=\"link-more\"><a href=\"https:\/\/sankt-augustinus-esslingen.de\/?p=2631\" class=\"more-link\"><span class=\"screen-reader-text\">\u201eKinderfreizeit 19.06. &#8211; die Ruhe im Sturm\u201c <\/span>weiterlesen<\/a><\/p>\n","protected":false},"author":1,"featured_media":2663,"comment_status":"closed","ping_status":"open","sticky":false,"template":"","format":"standard","meta":{"footnotes":""},"categories":[5,11,15],"tags":[],"class_list":["post-2631","post","type-post","status-publish","format-standard","has-post-thumbnail","hentry","category-aktuelles","category-gemeinde","category-oekumene"],"_links":{"self":[{"href":"https:\/\/sankt-augustinus-esslingen.de\/index.php?rest_route=\/wp\/v2\/posts\/2631","targetHints":{"allow":["GET"]}}],"collection":[{"href":"https:\/\/sankt-augustinus-esslingen.de\/index.php?rest_route=\/wp\/v2\/posts"}],"about":[{"href":"https:\/\/sankt-augustinus-esslingen.de\/index.php?rest_route=\/wp\/v2\/types\/post"}],"author":[{"embeddable":true,"href":"https:\/\/sankt-augustinus-esslingen.de\/index.php?rest_route=\/wp\/v2\/users\/1"}],"replies":[{"embeddable":true,"href":"https:\/\/sankt-augustinus-esslingen.de\/index.php?rest_route=%2Fwp%2Fv2%2Fcomments&post=2631"}],"version-history":[{"count":1,"href":"https:\/\/sankt-augustinus-esslingen.de\/index.php?rest_route=\/wp\/v2\/posts\/2631\/revisions"}],"predecessor-version":[{"id":2634,"href":"https:\/\/sankt-augustinus-esslingen.de\/index.php?rest_route=\/wp\/v2\/posts\/2631\/revisions\/2634"}],"wp:featuredmedia":[{"embeddable":true,"href":"https:\/\/sankt-augustinus-esslingen.de\/index.php?rest_route=\/wp\/v2\/media\/2663"}],"wp:attachment":[{"href":"https:\/\/sankt-augustinus-esslingen.de\/index.php?rest_route=%2Fwp%2Fv2%2Fmedia&parent=2631"}],"wp:term":[{"taxonomy":"category","embeddable":true,"href":"https:\/\/sankt-augustinus-esslingen.de\/index.php?rest_route=%2Fwp%2Fv2%2Fcategories&post=2631"},{"taxonomy":"post_tag","embeddable":true,"href":"https:\/\/sankt-augustinus-esslingen.de\/index.php?rest_route=%2Fwp%2Fv2%2Ftags&post=2631"}],"curies":[{"name":"wp","href":"https:\/\/api.w.org\/{rel}","templated":true}]}}