{"id":2587,"date":"2021-04-02T12:02:11","date_gmt":"2021-04-02T10:02:11","guid":{"rendered":"https:\/\/sankt-augustinus-esslingen.de\/?p=2587"},"modified":"2021-06-13T16:18:15","modified_gmt":"2021-06-13T14:18:15","slug":"besondere-gottesdienste-in-st-augustinus-2","status":"publish","type":"post","link":"https:\/\/sankt-augustinus-esslingen.de\/?p=2587","title":{"rendered":"Besondere Gottesdienste in St. Augustinus"},"content":{"rendered":"<p><strong>\u201aDurchkreuzte Wege\u2018\u00a0<\/strong><strong>Ein Kreuzweg im Freien \u00fcber den Zollberg<\/strong><\/p>\n<p>Menschliches Leid, das in Zeiten von CORONA sehr viele auch hier auf dem Zollberg getroffen hat verbinden wir mit der Leidensgeschichte Jesu. Wir begin-nen an der Kirche und gehen mehrere Stationen auf dieser Seite des Zollbergs ab. Jede Station wird besonders gestaltet sein. Wir tragen Masken und gehen schwei-gend. Dauer, ca. eine Stunde am <strong>Karfreitag, 02.April, 11:00 Uhr.<\/strong><\/p>\n<p><strong>\u00a0<\/strong><\/p>\n<p><strong>Erstkommunion 2021<\/strong><\/p>\n<p>Einige Familien haben sich entschlossen <strong>am 18. April<\/strong> die Erstkommunion zu \u00a0\u00a0feiern. Wir w\u00fcnschen den M\u00e4dels und Jungens trotz der Einschr\u00e4nkungen einen sch\u00f6nen Tag und ein unvergessliches Erlebnis. <strong>Auch f\u00fcr die weitere Gemeinde wird Platz in der Kirche zum Mitfeiern sein!<\/strong><\/p>\n<p>&nbsp;<\/p>\n<p><strong>Pr\u00fcfungssegen<\/strong><\/p>\n<p>\u201eIch wei\u00df nicht wirklich, wie ich mich vorbereiten kann!\u201c Diese Grundstimmung teilt Julia mit vielen, die sich in diesen Wochen auf Pr\u00fcfungen vorbereiten. Lange Lockdownphasen haben auf dem Weg zur Pr\u00fcfung viel Verunsicherung hinterlassen, fiel doch der direkte Kontakt mit den Lehrern und den Mitsch\u00fclern \u00fcber lange Strecken hinweg aus.<\/p>\n<p>Der <strong>Pr\u00fcfungssegen<\/strong> wird in diesem Jahr als St\u00e4rkung auf dem Weg hin zur Pr\u00fcfung schon im April angeboten werden.<\/p>\n<p><strong>Pr\u00fcfungssegen<\/strong> das ist: Ankommen, Zeit zu haben, die Pr\u00fcfung in einem Gebet vor Gott zu bringen, ein Licht anzuz\u00fcnden, sich segnen oder f\u00fcr sich beten zu lassen, sich Mut zusprechen lassen und sich so zu st\u00e4rken\u2026 und Mitarbeiter*innen werden da sein, mit denen man ins Gespr\u00e4ch kommen kann!<\/p>\n<p>In diesem Jahr findet der \u00a0<strong>Pr\u00fcfungssegen<\/strong> <strong>am\u00a0 29. April<\/strong> auch bei uns statt:<\/p>\n<p>11:00 \u2013 14:00 Uhr, kurze Andachten und Stationen.<\/p>\n<p>&nbsp;<\/p>\n<p><strong>Hinweis:<\/strong><\/p>\n<p>Es werden die vorgeschriebenen Hygienema\u00dfnahmen eingehalten. Bitte einen Mundschutz mitbringen. Herzlich eingeladen sind Sch\u00fcler*innen, Student*innen und deren Lehrer*innen, Eltern und alle, die Gottes Segen sp\u00fcren wollen!<\/p>\n<p><strong>\u00a0<\/strong><\/p>\n<p><strong>Maialtar in St. Augustinus<\/strong><\/p>\n<p>Es ist eine sch\u00f6ne Tradition, dass zu Ehren der Gottesmutter Maria ein Maialtar gestaltet wird. Wir w\u00fcrden uns freuen, wenn Sie daf\u00fcr eine Hortensie als Topfpflanze, egal in welcher Gr\u00f6\u00dfe, spenden w\u00fcrden. Herzlichen Dank!<\/p>\n<p>&nbsp;<\/p>\n<p><strong>Maiandachten<\/strong><\/p>\n<p>Sonntag 02. Mai und Sonntag 30. Mai je um 18:00 Uhr!<\/p>\n<p><strong>\u00a0<\/strong><\/p>\n<p><strong>Christi Himmelfahrt<\/strong><\/p>\n<p>Donnerstag, 13. Mai, evtl. mit \u00d6schprozession, 10:30 Uhr Eucharistiefeier in Esslingen-Sirnau.<\/p>\n<p><strong>\u00a0<\/strong><\/p>\n<p><strong>Wort Gottes Feiern im Kreis \u2013 2021 unter freiem Himmel!<\/strong><\/p>\n<figure id=\"attachment_2537\" aria-describedby=\"caption-attachment-2537\" style=\"width: 300px\" class=\"wp-caption alignleft\"><img loading=\"lazy\" decoding=\"async\" class=\"wp-image-2537 size-medium\" src=\"https:\/\/sankt-augustinus-esslingen.de\/wp-content\/uploads\/2021\/04\/eg-oktober2020-300x225.jpg\" alt=\"\" width=\"300\" height=\"225\" srcset=\"https:\/\/sankt-augustinus-esslingen.de\/wp-content\/uploads\/2021\/04\/eg-oktober2020-300x225.jpg 300w, https:\/\/sankt-augustinus-esslingen.de\/wp-content\/uploads\/2021\/04\/eg-oktober2020-1024x767.jpg 1024w, https:\/\/sankt-augustinus-esslingen.de\/wp-content\/uploads\/2021\/04\/eg-oktober2020-768x575.jpg 768w, https:\/\/sankt-augustinus-esslingen.de\/wp-content\/uploads\/2021\/04\/eg-oktober2020.jpg 1276w\" sizes=\"auto, (max-width: 300px) 100vw, 300px\" \/><figcaption id=\"caption-attachment-2537\" class=\"wp-caption-text\">Wort Gottes Feier im Oktober 2020 vor St. Augustinus auf der Wiese (Foto: privat)<\/figcaption><\/figure>\n<p>Die Corona-Pandemie macht alle Planungen unsicher. Um mit einem guten Gef\u00fchl unsere Wort Gottes Dienste feiern zu k\u00f6nnen, planen wir die inklusiven Gottesdienste drau\u00dfen unter freiem Himmel. Nur bei Regenwetter finden die Gottesdienste in der Kirche statt.<\/p>\n<p>&nbsp;<\/p>\n<p>&nbsp;<\/p>\n<p><strong>Beginn ist jeweils um 10:30 Uhr an den Sonntagen:\u00a0<\/strong><strong>2. Mai &#8211; 27. Juni &#8211; 18. Juli &#8211; 26. September &#8211; 24. Oktober &#8211; 21. November<\/strong><\/p>\n<p>\u201eDass Erde und Himmel dir bl\u00fchen\u201c unter diesem Wort steht das gemeinsame Feiern am 2. Mai. Mit allen Sinnen, vorbereiteten T\u00fcten f\u00fcr jeden Hausstand und viel Freude freuen wir uns auf ein Wiedersehen im Kreis!<\/p>\n<p><em>Claudia Ebert, Tobias Haas, Carola Hausmann, Gisela Knibbe, <\/em><\/p>\n<p><em>Maximilian Ottmayer, Lara und Lucas Pacholet<\/em><\/p>\n<p><strong>\u00a0<\/strong><\/p>\n<p><strong><em>Gottesdienste zu Hause feiern<\/em><\/strong><\/p>\n<p><strong>\u00a0<\/strong>*Mit den Angeboten im Fernsehen.<\/p>\n<p>*Mit dem Livestream aus dem M\u00fcnster St. Paul \u00fcber das Internet.<\/p>\n<p><a href=\"https:\/\/katholische-kirche-esslingen.de\/\">https:\/\/katholische-kirche-esslingen.de\/<\/a> bzw. <a href=\"https:\/\/katholische-kirche-esslingen.de\/impulse-gebete\/livestream-aus-dem-muenster-st-paul\/\">https:\/\/katholische-kirche-esslingen.de\/impulse-gebete\/livestream-aus-dem-muenster-st-paul\/<\/a><\/p>\n<p>*Ebenfalls im Internet bietet die Di\u00f6zese vielf\u00e4ltige Angebote unter: \u00a0<a href=\"http:\/\/www.drs.de\/zuhause-gottesdienst-feiern\">www.drs.de\/zuhause-gottesdienst-feiern<\/a><\/p>\n","protected":false},"excerpt":{"rendered":"<p>\u201aDurchkreuzte Wege\u2018\u00a0Ein Kreuzweg im Freien \u00fcber den Zollberg Menschliches Leid, das in Zeiten von CORONA sehr viele auch hier auf dem Zollberg getroffen hat verbinden wir mit der Leidensgeschichte Jesu. Wir begin-nen an der Kirche und gehen mehrere Stationen auf dieser Seite des Zollbergs ab. Jede Station wird besonders gestaltet sein. Wir tragen Masken und &hellip; <\/p>\n<p class=\"link-more\"><a href=\"https:\/\/sankt-augustinus-esslingen.de\/?p=2587\" class=\"more-link\"><span class=\"screen-reader-text\">\u201eBesondere Gottesdienste in St. Augustinus\u201c <\/span>weiterlesen<\/a><\/p>\n","protected":false},"author":1,"featured_media":2537,"comment_status":"closed","ping_status":"open","sticky":false,"template":"","format":"standard","meta":{"footnotes":""},"categories":[4,14],"tags":[],"class_list":["post-2587","post","type-post","status-publish","format-standard","has-post-thumbnail","hentry","category-blickpunkt","category-gottesdienste"],"_links":{"self":[{"href":"https:\/\/sankt-augustinus-esslingen.de\/index.php?rest_route=\/wp\/v2\/posts\/2587","targetHints":{"allow":["GET"]}}],"collection":[{"href":"https:\/\/sankt-augustinus-esslingen.de\/index.php?rest_route=\/wp\/v2\/posts"}],"about":[{"href":"https:\/\/sankt-augustinus-esslingen.de\/index.php?rest_route=\/wp\/v2\/types\/post"}],"author":[{"embeddable":true,"href":"https:\/\/sankt-augustinus-esslingen.de\/index.php?rest_route=\/wp\/v2\/users\/1"}],"replies":[{"embeddable":true,"href":"https:\/\/sankt-augustinus-esslingen.de\/index.php?rest_route=%2Fwp%2Fv2%2Fcomments&post=2587"}],"version-history":[{"count":1,"href":"https:\/\/sankt-augustinus-esslingen.de\/index.php?rest_route=\/wp\/v2\/posts\/2587\/revisions"}],"predecessor-version":[{"id":2588,"href":"https:\/\/sankt-augustinus-esslingen.de\/index.php?rest_route=\/wp\/v2\/posts\/2587\/revisions\/2588"}],"wp:featuredmedia":[{"embeddable":true,"href":"https:\/\/sankt-augustinus-esslingen.de\/index.php?rest_route=\/wp\/v2\/media\/2537"}],"wp:attachment":[{"href":"https:\/\/sankt-augustinus-esslingen.de\/index.php?rest_route=%2Fwp%2Fv2%2Fmedia&parent=2587"}],"wp:term":[{"taxonomy":"category","embeddable":true,"href":"https:\/\/sankt-augustinus-esslingen.de\/index.php?rest_route=%2Fwp%2Fv2%2Fcategories&post=2587"},{"taxonomy":"post_tag","embeddable":true,"href":"https:\/\/sankt-augustinus-esslingen.de\/index.php?rest_route=%2Fwp%2Fv2%2Ftags&post=2587"}],"curies":[{"name":"wp","href":"https:\/\/api.w.org\/{rel}","templated":true}]}}