{"id":2577,"date":"2021-04-02T11:48:48","date_gmt":"2021-04-02T09:48:48","guid":{"rendered":"https:\/\/sankt-augustinus-esslingen.de\/?p=2577"},"modified":"2021-06-13T16:18:24","modified_gmt":"2021-06-13T14:18:24","slug":"ausblicke-2","status":"publish","type":"post","link":"https:\/\/sankt-augustinus-esslingen.de\/?p=2577","title":{"rendered":"Ausblicke"},"content":{"rendered":"<p><img loading=\"lazy\" decoding=\"async\" class=\"size-medium wp-image-2540 alignleft\" src=\"https:\/\/sankt-augustinus-esslingen.de\/wp-content\/uploads\/2021\/04\/Fruehstueckszeit-300x114.jpg\" alt=\"\" width=\"300\" height=\"114\" srcset=\"https:\/\/sankt-augustinus-esslingen.de\/wp-content\/uploads\/2021\/04\/Fruehstueckszeit-300x114.jpg 300w, https:\/\/sankt-augustinus-esslingen.de\/wp-content\/uploads\/2021\/04\/Fruehstueckszeit-1024x390.jpg 1024w, https:\/\/sankt-augustinus-esslingen.de\/wp-content\/uploads\/2021\/04\/Fruehstueckszeit-768x292.jpg 768w, https:\/\/sankt-augustinus-esslingen.de\/wp-content\/uploads\/2021\/04\/Fruehstueckszeit.jpg 1185w\" sizes=\"auto, (max-width: 300px) 100vw, 300px\" \/>Das n\u00e4chste \u00f6kumenische \u201aFrauenfr\u00fchst\u00fcck\u2018 ist f\u00fcr Samstag <strong>24.April 2021,\u00a0<\/strong><strong>11:00 Uhr<\/strong> geplant<strong>. <\/strong>Ein Fr\u00fchst\u00fcck wird es Corona-bedingt nicht geben. Doch wenn die Hygienebestimmungen es zulassen, werden wir zu einem Treffen in anderer passender Form einladen. Wenn Sie Interesse haben, k\u00f6nnen sie sich \u00fcber das evang. Pfarrb\u00fcro erkundigen: Tel. 38 12 41 oder sie lassen sich dort in den e-mail-Verteiler aufnehmen, mit dem wir Sie direkt \u00fcber den aktuellen Stand unterrichten k\u00f6nnen: <a href=\"mailto:pfarramt.esslingen.zollberg@elkw.de\">pfarramt.esslingen.zollberg@elkw.de<\/a><\/p>\n<p><em>Beate Schleth<\/em><\/p>\n<p><strong>\u00d6kumenische Kinder- und Jugendarbeit<\/strong><\/p>\n<p><strong>Geplant war vom 18.-20. Juni ein Kinder- und Jugend-Freizeit-Wochenende in Asch. <\/strong>Doch das kann nicht stattfinden. Das Team \u00fcberlegt sich gerade Alter-nativen. Was es werden wird, kann erst im Mai geplant werden. Wenn Ihr Inter-esse habt daran teilzunehmen oder mitzuarbeiten, dann meldet Euch doch im Gemeindeb\u00fcro der Christuskirche: <a href=\"mailto:pfarramt.esslingen.zollberg@elkw.de\">pfarramt.esslingen.zollberg@elkw.de<\/a><\/p>\n","protected":false},"excerpt":{"rendered":"<p>Das n\u00e4chste \u00f6kumenische \u201aFrauenfr\u00fchst\u00fcck\u2018 ist f\u00fcr Samstag 24.April 2021,\u00a011:00 Uhr geplant. Ein Fr\u00fchst\u00fcck wird es Corona-bedingt nicht geben. Doch wenn die Hygienebestimmungen es zulassen, werden wir zu einem Treffen in anderer passender Form einladen. Wenn Sie Interesse haben, k\u00f6nnen sie sich \u00fcber das evang. Pfarrb\u00fcro erkundigen: Tel. 38 12 41 oder sie lassen sich dort &hellip; <\/p>\n<p class=\"link-more\"><a href=\"https:\/\/sankt-augustinus-esslingen.de\/?p=2577\" class=\"more-link\"><span class=\"screen-reader-text\">\u201eAusblicke\u201c <\/span>weiterlesen<\/a><\/p>\n","protected":false},"author":1,"featured_media":0,"comment_status":"closed","ping_status":"open","sticky":false,"template":"","format":"standard","meta":{"footnotes":""},"categories":[4],"tags":[],"class_list":["post-2577","post","type-post","status-publish","format-standard","hentry","category-blickpunkt"],"_links":{"self":[{"href":"https:\/\/sankt-augustinus-esslingen.de\/index.php?rest_route=\/wp\/v2\/posts\/2577","targetHints":{"allow":["GET"]}}],"collection":[{"href":"https:\/\/sankt-augustinus-esslingen.de\/index.php?rest_route=\/wp\/v2\/posts"}],"about":[{"href":"https:\/\/sankt-augustinus-esslingen.de\/index.php?rest_route=\/wp\/v2\/types\/post"}],"author":[{"embeddable":true,"href":"https:\/\/sankt-augustinus-esslingen.de\/index.php?rest_route=\/wp\/v2\/users\/1"}],"replies":[{"embeddable":true,"href":"https:\/\/sankt-augustinus-esslingen.de\/index.php?rest_route=%2Fwp%2Fv2%2Fcomments&post=2577"}],"version-history":[{"count":1,"href":"https:\/\/sankt-augustinus-esslingen.de\/index.php?rest_route=\/wp\/v2\/posts\/2577\/revisions"}],"predecessor-version":[{"id":2578,"href":"https:\/\/sankt-augustinus-esslingen.de\/index.php?rest_route=\/wp\/v2\/posts\/2577\/revisions\/2578"}],"wp:attachment":[{"href":"https:\/\/sankt-augustinus-esslingen.de\/index.php?rest_route=%2Fwp%2Fv2%2Fmedia&parent=2577"}],"wp:term":[{"taxonomy":"category","embeddable":true,"href":"https:\/\/sankt-augustinus-esslingen.de\/index.php?rest_route=%2Fwp%2Fv2%2Fcategories&post=2577"},{"taxonomy":"post_tag","embeddable":true,"href":"https:\/\/sankt-augustinus-esslingen.de\/index.php?rest_route=%2Fwp%2Fv2%2Ftags&post=2577"}],"curies":[{"name":"wp","href":"https:\/\/api.w.org\/{rel}","templated":true}]}}