{"id":2570,"date":"2021-04-02T11:45:23","date_gmt":"2021-04-02T09:45:23","guid":{"rendered":"https:\/\/sankt-augustinus-esslingen.de\/?p=2570"},"modified":"2021-06-13T16:18:48","modified_gmt":"2021-06-13T14:18:48","slug":"sakrament-der-versoehnung-im-muenster-st-paul-8","status":"publish","type":"post","link":"https:\/\/sankt-augustinus-esslingen.de\/?p=2570","title":{"rendered":"Sakrament der Vers\u00f6hnung im M\u00fcnster St. Paul"},"content":{"rendered":"<p>Die n\u00e4chsten M\u00f6glichkeiten zum seelsorglichen Gespr\u00e4ch und zum Sakrament der Vers\u00f6hnung (Beichte) immer samstags 16:30 \u2013 17:30 Uhr:<\/p>\n<table style=\"border-collapse: collapse; width: 100%;\">\n<tbody>\n<tr>\n<td style=\"width: 50%;\">10. April Pfarrer Eke<\/td>\n<td style=\"width: 50%;\">01. Mai Pfarrer M\u00f6hler<\/td>\n<\/tr>\n<tr>\n<td style=\"width: 50%;\">17. April Pfarrer Scheifele<\/td>\n<td style=\"width: 50%;\">08. Mai Pfarrer N.N.<\/td>\n<\/tr>\n<tr>\n<td style=\"width: 50%;\">24. April Pfarrer Marx<\/td>\n<td style=\"width: 50%;\">15. Mai Pfarrer Scheifele<\/td>\n<\/tr>\n<tr>\n<td style=\"width: 50%;\"><\/td>\n<td style=\"width: 50%;\">22. Mai Pfarrer Marx<\/td>\n<\/tr>\n<tr>\n<td style=\"width: 50%;\"><\/td>\n<td style=\"width: 50%;\">29. Mai Pfarrer M\u00f6hler<\/td>\n<\/tr>\n<\/tbody>\n<\/table>\n<p>&nbsp;<\/p>\n","protected":false},"excerpt":{"rendered":"<p>Die n\u00e4chsten M\u00f6glichkeiten zum seelsorglichen Gespr\u00e4ch und zum Sakrament der Vers\u00f6hnung (Beichte) immer samstags 16:30 \u2013 17:30 Uhr: 10. April Pfarrer Eke 01. Mai Pfarrer M\u00f6hler 17. April Pfarrer Scheifele 08. Mai Pfarrer N.N. 24. April Pfarrer Marx 15. Mai Pfarrer Scheifele 22. Mai Pfarrer Marx 29. Mai Pfarrer M\u00f6hler &nbsp;<\/p>\n","protected":false},"author":1,"featured_media":2571,"comment_status":"closed","ping_status":"open","sticky":false,"template":"","format":"standard","meta":{"footnotes":""},"categories":[4],"tags":[],"class_list":["post-2570","post","type-post","status-publish","format-standard","has-post-thumbnail","hentry","category-blickpunkt"],"_links":{"self":[{"href":"https:\/\/sankt-augustinus-esslingen.de\/index.php?rest_route=\/wp\/v2\/posts\/2570","targetHints":{"allow":["GET"]}}],"collection":[{"href":"https:\/\/sankt-augustinus-esslingen.de\/index.php?rest_route=\/wp\/v2\/posts"}],"about":[{"href":"https:\/\/sankt-augustinus-esslingen.de\/index.php?rest_route=\/wp\/v2\/types\/post"}],"author":[{"embeddable":true,"href":"https:\/\/sankt-augustinus-esslingen.de\/index.php?rest_route=\/wp\/v2\/users\/1"}],"replies":[{"embeddable":true,"href":"https:\/\/sankt-augustinus-esslingen.de\/index.php?rest_route=%2Fwp%2Fv2%2Fcomments&post=2570"}],"version-history":[{"count":1,"href":"https:\/\/sankt-augustinus-esslingen.de\/index.php?rest_route=\/wp\/v2\/posts\/2570\/revisions"}],"predecessor-version":[{"id":2572,"href":"https:\/\/sankt-augustinus-esslingen.de\/index.php?rest_route=\/wp\/v2\/posts\/2570\/revisions\/2572"}],"wp:featuredmedia":[{"embeddable":true,"href":"https:\/\/sankt-augustinus-esslingen.de\/index.php?rest_route=\/wp\/v2\/media\/2571"}],"wp:attachment":[{"href":"https:\/\/sankt-augustinus-esslingen.de\/index.php?rest_route=%2Fwp%2Fv2%2Fmedia&parent=2570"}],"wp:term":[{"taxonomy":"category","embeddable":true,"href":"https:\/\/sankt-augustinus-esslingen.de\/index.php?rest_route=%2Fwp%2Fv2%2Fcategories&post=2570"},{"taxonomy":"post_tag","embeddable":true,"href":"https:\/\/sankt-augustinus-esslingen.de\/index.php?rest_route=%2Fwp%2Fv2%2Ftags&post=2570"}],"curies":[{"name":"wp","href":"https:\/\/api.w.org\/{rel}","templated":true}]}}