{"id":2568,"date":"2021-04-02T11:40:10","date_gmt":"2021-04-02T09:40:10","guid":{"rendered":"https:\/\/sankt-augustinus-esslingen.de\/?p=2568"},"modified":"2021-06-13T16:18:43","modified_gmt":"2021-06-13T14:18:43","slug":"kloster-fuer-die-stadt-6","status":"publish","type":"post","link":"https:\/\/sankt-augustinus-esslingen.de\/?p=2568","title":{"rendered":"Kloster f\u00fcr die Stadt"},"content":{"rendered":"<p><strong>Wesentliches entdecken \u00a0\u00a0\u00a0\u00a0\u00a0\u00a0\u00a0\u00a0\u00a0\u00a0\u00a0\u00a0\u00a0\u00a0\u00a0\u00a0\u00a0\u00a0\u00a0\u00a0\u00a0\u00a0\u00a0\u00a0\u00a0\u00a0 <\/strong><\/p>\n<p>Unter diesem Stichwort bietet die \u00f6kumenische Cityseelsorge Angebote f\u00fcr Geist, Leib und Seele.<\/p>\n<p>Vorerst wird es kein gedrucktes Programm geben,\u00a0doch Sie k\u00f6nnen einen \u201anewsletter\u2018 erhalten,\u00a0zu bestellen bei: <a href=\"mailto:cornelia.krause@elkw.de\">cornelia.krause@elkw.de<\/a><\/p>\n<p><strong>\u00d6kumenische Marktandacht<\/strong><\/p>\n<p>Immer mittwochs, 9:00 Uhr im M\u00fcnster St. Paul am Marktplatz, 20 Minuten\u00a0zum Innehalten gestaltet mit Musik und Gesang, Lesung aus der Bibel, Stille\u00a0und Gebet.<\/p>\n<p><strong>Weitere Angebote zu<\/strong><strong> SPIRITUALIT\u00c4T und CITYSEELSORGE <\/strong><strong>finden sie auf der Homepage der Gesamtkirchengemeinde<\/strong> <a href=\"http:\/\/www.katholische-kirche-esslingen.de\">www.katholische-kirche-esslingen.de<\/a><\/p>\n<p>&nbsp;<\/p>\n<p><strong>Eucharistie und Stille<\/strong><\/p>\n<p>Eine schlichte Feier, im Chorraum des M\u00fcnsters St. Paul.<\/p>\n<p><strong>Donnerstag, 08. April<\/strong> <strong>und 20. Mai um 18:30 Uhr<\/strong>.<\/p>\n<p><strong>\u00a0<\/strong><\/p>\n<p><strong>Fr\u00fchling!<\/strong><\/p>\n<p><img loading=\"lazy\" decoding=\"async\" class=\"size-medium wp-image-2535 alignleft\" src=\"https:\/\/sankt-augustinus-esslingen.de\/wp-content\/uploads\/2021\/04\/blumenwiese-300x201.jpg\" alt=\"\" width=\"300\" height=\"201\" srcset=\"https:\/\/sankt-augustinus-esslingen.de\/wp-content\/uploads\/2021\/04\/blumenwiese-300x201.jpg 300w, https:\/\/sankt-augustinus-esslingen.de\/wp-content\/uploads\/2021\/04\/blumenwiese.jpg 705w\" sizes=\"auto, (max-width: 300px) 100vw, 300px\" \/>Im Fr\u00fchling werden die Tage sp\u00fcrbar l\u00e4nger, die Temperaturen milder und \u00fcberall beginnt es wieder zu wachsen. Das macht Freude und gibt nach den Wintermonaten wieder Energie. Besonders in diesem Jahr ist f\u00fcr viele von uns das Fr\u00fchjahr verbunden mit der Hoffnung auf eine Zeit \u201enach der Pandemie\u201c. Am Haus der Katholischen Kirche (ehemals EZ-Haus) gegen\u00fcber des M\u00fcnsters St. Paul entsteht deshalb in den Fenstern eine Blumenwiese aus Papier!\u00a0 Sie f\u00e4ngt in der Erde an und w\u00e4chst \u00fcber die Wochen hin aufbl\u00fchend bis Ostern dem Licht entgegen. Was gibt Ihnen in diesen Tagen Kraft und worauf hoffen Sie? Auf diese Antworten sind wir gespannt und wir m\u00f6chten diese gerne mitteilen. Deshalb werden wir als Team am Samstag, 27. M\u00e4rz auf dem Esslinger Wochenmarkt unterwegs sein, um nach den Kraftquellen und Hoffnungen zu fragen und ihre Antworten auf die Bl\u00fcten schreiben. Diese ganz besonderen Bl\u00fcten werden die Blumenwiese am Haus der katholischen Kirche erst so richtig lebendig machen.\u00a0 Wir sind gespannt und freuen uns auf ihre Antworten.<\/p>\n<p><em>Raphael Maier, Cityseelsorger <\/em><\/p>\n","protected":false},"excerpt":{"rendered":"<p>Wesentliches entdecken \u00a0\u00a0\u00a0\u00a0\u00a0\u00a0\u00a0\u00a0\u00a0\u00a0\u00a0\u00a0\u00a0\u00a0\u00a0\u00a0\u00a0\u00a0\u00a0\u00a0\u00a0\u00a0\u00a0\u00a0\u00a0\u00a0 Unter diesem Stichwort bietet die \u00f6kumenische Cityseelsorge Angebote f\u00fcr Geist, Leib und Seele. Vorerst wird es kein gedrucktes Programm geben,\u00a0doch Sie k\u00f6nnen einen \u201anewsletter\u2018 erhalten,\u00a0zu bestellen bei: cornelia.krause@elkw.de \u00d6kumenische Marktandacht Immer mittwochs, 9:00 Uhr im M\u00fcnster St. Paul am Marktplatz, 20 Minuten\u00a0zum Innehalten gestaltet mit Musik und Gesang, Lesung aus der Bibel, &hellip; <\/p>\n<p class=\"link-more\"><a href=\"https:\/\/sankt-augustinus-esslingen.de\/?p=2568\" class=\"more-link\"><span class=\"screen-reader-text\">\u201eKloster f\u00fcr die Stadt\u201c <\/span>weiterlesen<\/a><\/p>\n","protected":false},"author":1,"featured_media":977,"comment_status":"closed","ping_status":"open","sticky":false,"template":"","format":"standard","meta":{"footnotes":""},"categories":[4],"tags":[],"class_list":["post-2568","post","type-post","status-publish","format-standard","has-post-thumbnail","hentry","category-blickpunkt"],"_links":{"self":[{"href":"https:\/\/sankt-augustinus-esslingen.de\/index.php?rest_route=\/wp\/v2\/posts\/2568","targetHints":{"allow":["GET"]}}],"collection":[{"href":"https:\/\/sankt-augustinus-esslingen.de\/index.php?rest_route=\/wp\/v2\/posts"}],"about":[{"href":"https:\/\/sankt-augustinus-esslingen.de\/index.php?rest_route=\/wp\/v2\/types\/post"}],"author":[{"embeddable":true,"href":"https:\/\/sankt-augustinus-esslingen.de\/index.php?rest_route=\/wp\/v2\/users\/1"}],"replies":[{"embeddable":true,"href":"https:\/\/sankt-augustinus-esslingen.de\/index.php?rest_route=%2Fwp%2Fv2%2Fcomments&post=2568"}],"version-history":[{"count":1,"href":"https:\/\/sankt-augustinus-esslingen.de\/index.php?rest_route=\/wp\/v2\/posts\/2568\/revisions"}],"predecessor-version":[{"id":2569,"href":"https:\/\/sankt-augustinus-esslingen.de\/index.php?rest_route=\/wp\/v2\/posts\/2568\/revisions\/2569"}],"wp:featuredmedia":[{"embeddable":true,"href":"https:\/\/sankt-augustinus-esslingen.de\/index.php?rest_route=\/wp\/v2\/media\/977"}],"wp:attachment":[{"href":"https:\/\/sankt-augustinus-esslingen.de\/index.php?rest_route=%2Fwp%2Fv2%2Fmedia&parent=2568"}],"wp:term":[{"taxonomy":"category","embeddable":true,"href":"https:\/\/sankt-augustinus-esslingen.de\/index.php?rest_route=%2Fwp%2Fv2%2Fcategories&post=2568"},{"taxonomy":"post_tag","embeddable":true,"href":"https:\/\/sankt-augustinus-esslingen.de\/index.php?rest_route=%2Fwp%2Fv2%2Ftags&post=2568"}],"curies":[{"name":"wp","href":"https:\/\/api.w.org\/{rel}","templated":true}]}}