{"id":2562,"date":"2021-04-02T11:34:10","date_gmt":"2021-04-02T09:34:10","guid":{"rendered":"https:\/\/sankt-augustinus-esslingen.de\/?p=2562"},"modified":"2021-06-13T16:19:19","modified_gmt":"2021-06-13T14:19:19","slug":"forgiveness-projekt","status":"publish","type":"post","link":"https:\/\/sankt-augustinus-esslingen.de\/?p=2562","title":{"rendered":"forgiveness-Projekt"},"content":{"rendered":"<p>Vom 13.-27. Juni 2021 veranstalten Esslinger Kirchen das \u00f6kumenische \u201eforgiveness-Projekt\u201c. Zu ihm geh\u00f6rt eine vierzehnt\u00e4gige Ausstellung in der Franziskanerkirche sowie zwei gemeinsame inhaltliche\u00a0 Veranstaltungen zum Thema \u201eVergebung\u201c.<\/p>\n<p>Die Veranstalter versprechen sich von dem Projekt eine st\u00e4rkere Aufmerksam-keit\u00a0 f\u00fcr die menschliche F\u00e4higkeit, sich von Opfer- und T\u00e4terverhalten zu distanzieren. Der Weg hei\u00dft Vergebung. Gleichzeitig w\u00fcnschen sie sich als Kirchen auch eine belebende Wiederentdeckung der eigenen christlichen Vergebungstradition.<\/p>\n<p>Die Ausstellung in der Franziskanerkirche erz\u00e4hlt Lebensgeschichten aus sehr vielf\u00e4ltigen Kontexten. Darunter sind Situationen politischer oder kultureller Gewalt, genauso aber auch kriminelle oder ganz private Schuldgeschichten. -T\u00e4ter und Opfer sind immer Menschen. Wenn sie versuchen, Verletzung oder Versagen zu \u00fcberwinden, kann die Kraft der Vergebung dabei helfen. Auch -wenn der L\u00f6sungsprozess nicht immer gelingt.<\/p>\n<p>Zwei zentrale Veranstaltungen werden das Ausstellungangebot begleiten:<\/p>\n<ul>\n<li>Der Journalist und Autor Andreas Unger, M\u00fcnchen, wird am Donnerstag, 17. Juni, 19:00 Uhr im M\u00fcnster St. Paul einen Vortrag halten zu dem \u201elangen Weg des Verzeihens\u201c.<\/li>\n<\/ul>\n<ul>\n<li>Mit einem Podiumsgespr\u00e4ch im Blarer-Gemeindehaus am Donnerstag, 24. Juni, 20:00 Uhr, befragt Andreas Malessa Experten aus Justiz, T\u00e4ter-Opfer-Ausgleich und Seelsorge nach ihrem Alltag im Umgang mit Schuldgeschichten.<\/li>\n<\/ul>\n<p>Mit beiden Angeboten erm\u00f6glichen die veranstaltenden Gemeinden die vertie-fende Begegnung mit dem Thema.<\/p>\n<p>Das \u201eforgiveness-Projekt\u201c ist eine Veranstaltung der Arbeitsgemeinschaft Christlicher Kirchen in Esslingen und wird verantwortet von den Evangelischen und Katholischen Kirchengemeinden,\u00a0 der City-Seelsorge, der Begegnungskirche Esslingen (Baptisten) und der Evangelisch-Methodistische Kirche in Esslingen.<\/p>\n<p>&nbsp;<\/p>\n<p>Erg\u00e4nzungen des Angebotes finden Sie unter <a href=\"http:\/\/www.forgiveness-esslingen.de\">www.forgiveness-esslingen.de<\/a><\/p>\n<p>Kontakt: <a href=\"mailto:info@forgiveness-esslingen.de\">info@forgiveness-esslingen.de<\/a> oder Pastor Thomas Bloedorn, Begegnungskirche, Urbanstr. 45, 73728\u00a0 Esslingen, Tel. 0711 \u2013 31 45 85.<\/p>\n","protected":false},"excerpt":{"rendered":"<p>Vom 13.-27. Juni 2021 veranstalten Esslinger Kirchen das \u00f6kumenische \u201eforgiveness-Projekt\u201c. Zu ihm geh\u00f6rt eine vierzehnt\u00e4gige Ausstellung in der Franziskanerkirche sowie zwei gemeinsame inhaltliche\u00a0 Veranstaltungen zum Thema \u201eVergebung\u201c. Die Veranstalter versprechen sich von dem Projekt eine st\u00e4rkere Aufmerksam-keit\u00a0 f\u00fcr die menschliche F\u00e4higkeit, sich von Opfer- und T\u00e4terverhalten zu distanzieren. Der Weg hei\u00dft Vergebung. Gleichzeitig w\u00fcnschen sie &hellip; <\/p>\n<p class=\"link-more\"><a href=\"https:\/\/sankt-augustinus-esslingen.de\/?p=2562\" class=\"more-link\"><span class=\"screen-reader-text\">\u201eforgiveness-Projekt\u201c <\/span>weiterlesen<\/a><\/p>\n","protected":false},"author":1,"featured_media":2539,"comment_status":"closed","ping_status":"open","sticky":false,"template":"","format":"standard","meta":{"footnotes":""},"categories":[4],"tags":[],"class_list":["post-2562","post","type-post","status-publish","format-standard","has-post-thumbnail","hentry","category-blickpunkt"],"_links":{"self":[{"href":"https:\/\/sankt-augustinus-esslingen.de\/index.php?rest_route=\/wp\/v2\/posts\/2562","targetHints":{"allow":["GET"]}}],"collection":[{"href":"https:\/\/sankt-augustinus-esslingen.de\/index.php?rest_route=\/wp\/v2\/posts"}],"about":[{"href":"https:\/\/sankt-augustinus-esslingen.de\/index.php?rest_route=\/wp\/v2\/types\/post"}],"author":[{"embeddable":true,"href":"https:\/\/sankt-augustinus-esslingen.de\/index.php?rest_route=\/wp\/v2\/users\/1"}],"replies":[{"embeddable":true,"href":"https:\/\/sankt-augustinus-esslingen.de\/index.php?rest_route=%2Fwp%2Fv2%2Fcomments&post=2562"}],"version-history":[{"count":1,"href":"https:\/\/sankt-augustinus-esslingen.de\/index.php?rest_route=\/wp\/v2\/posts\/2562\/revisions"}],"predecessor-version":[{"id":2563,"href":"https:\/\/sankt-augustinus-esslingen.de\/index.php?rest_route=\/wp\/v2\/posts\/2562\/revisions\/2563"}],"wp:featuredmedia":[{"embeddable":true,"href":"https:\/\/sankt-augustinus-esslingen.de\/index.php?rest_route=\/wp\/v2\/media\/2539"}],"wp:attachment":[{"href":"https:\/\/sankt-augustinus-esslingen.de\/index.php?rest_route=%2Fwp%2Fv2%2Fmedia&parent=2562"}],"wp:term":[{"taxonomy":"category","embeddable":true,"href":"https:\/\/sankt-augustinus-esslingen.de\/index.php?rest_route=%2Fwp%2Fv2%2Fcategories&post=2562"},{"taxonomy":"post_tag","embeddable":true,"href":"https:\/\/sankt-augustinus-esslingen.de\/index.php?rest_route=%2Fwp%2Fv2%2Ftags&post=2562"}],"curies":[{"name":"wp","href":"https:\/\/api.w.org\/{rel}","templated":true}]}}