{"id":2510,"date":"2021-01-16T13:14:04","date_gmt":"2021-01-16T12:14:04","guid":{"rendered":"http:\/\/sankt-augustinus-esslingen.de\/?p=2510"},"modified":"2021-04-02T11:15:23","modified_gmt":"2021-04-02T09:15:23","slug":"zugesendeter-beitrag-an-die-redaktion","status":"publish","type":"post","link":"https:\/\/sankt-augustinus-esslingen.de\/?p=2510","title":{"rendered":"zugesendeter Beitrag an die Redaktion"},"content":{"rendered":"<p>Hallo ihr Lieben,<\/p>\n<p>ihr kennt mich sicher alle, aber besonders beachtet werde ich meist nicht. Das ist erstaunlich, denn ich bin in meiner Kirche ganz vorne. Da bekomme ich auch vieles mit, was so passiert.<\/p>\n<p>Ich werde nur bei den gro\u00dfen Gottesdiensten ben\u00f6tigt, wenn die Kirche so richtig voll ist oder wenn viele Beteiligte dabei sind, die nicht alle oben im Altarraum sitzen k\u00f6nnen. Das war im letzten Jahr wie ich mich erinnere nur bei den Stern-singern der Fall und bei der Erstkommunion, die auf Anfang Oktober verschoben worden war.<\/p>\n<p>Aber mitbekommen tu\u2018 ich viel. Ich kenne jeden Pfarrer der unsere Gottesdienste leitet. Nat\u00fcrlich auch die Leiter*innen der Wortgottesdienste. Die sitzen auch schon mal bei mir. Und Anton Durner hat es fr\u00fcher auch viel gemacht, wenn er mitzelebriert hat. Dann konnte er die Predigt seiner Kollegen besser miterleben. Nur wenn die Gottesdienste im Kreis, hinten in der Kirche, stattgefunden haben, konnte ich nicht alles mitbekommen. Daf\u00fcr sind dann aber die Teilnehmer*innen im Laufe dieser Feiern ganz nah bei mir vorbeigekommen. Das war immer ganz lebendig und jedes Mal anders.<\/p>\n<p>Und dann ist alles anders geworden. Pl\u00f6tzlich war totale Ruhe in der Kirche. Es fand kein Gottesdienst mehr statt. Doch es kamen immer wieder Leute aus meiner Gemeinde, die einfach in meiner stillen Kirche gesessen oder gekniet sind. In der Regel bleiben diese Betenden immer weiter hinten. Ich wei\u00df gar nicht, warum sie nicht zu mir kommen!<\/p>\n<p>Doch h\u00f6ren kann ich alles. Die Menschen, die in die Kirche kommen, bringen all ihre pers\u00f6nlichen Anliegen hierher: Trauer, Verzweiflung, Not. Hier ist der Ort um Wut in Worte zu fassen, stille Schreie nach Hilfe zuzulassen. Da lastet schon mal viel Gewicht auf mir. Dann denke ich, gut, dass es diesen Ort gibt. Hier k\u00f6nnen Menschen ihre schwere Last ablegen und ihnen ist es m\u00f6glich, danach wieder weiterzumachen.<\/p>\n<p>Aber auch Dankbarkeit und Dank f\u00fcr \u00fcberstandene Situationen habe ich viel geh\u00f6rt. Au\u00dferdem wurde ich zur Ablage f\u00fcr Texte und Gebete. Zu Ostern konnte ich sehen, wie in einer Schale vor dem Altar Weizenk\u00f6rner aufgegangen sind und zu einem gr\u00fcnen Buschen wurden. Aber insgesamt war schon wenig Leben hier.<\/p>\n<p>W\u00e4hrend keine Gottesdienste mehr stattfanden, da habe ich auch mitbekommen,<\/p>\n<p>dass drau\u00dfen viele Menschen schwer erkrankt sind. Nicht wenige sind daran gestorben. Jetzt haben die Menschen Angst sich anzustecken. Sie sollen m\u00f6g-lichst keine Kontakte mehr au\u00dferhalb der Familie, der Arbeit und beim Ein-kaufen haben und sich h\u00f6chstens zum Spazierengehen mit Abstand verabreden. So kam es auch, dass mehrmals w\u00e4hrend einer Woche im Monat Familien in die Kirche gekommen sind, die den \u201eGottesdienst auf dem Weg\u201c gemacht und die letzte Station hier abgeschlossen haben.<\/p>\n<p>Aber nach langer Zeit sind pl\u00f6tzlich ein paar eifrige mit Masken vor dem Gesicht gekommen und haben B\u00e4nke gesperrt und Sitzpl\u00e4tze eingeteilt, Laufwege auf dem Kirchenboden festgelegt. Ich dachte schon, was ist denn jetzt los?<\/p>\n<p>Dann wurden wieder Gottesdienste gefeiert. Aber es kamen nur wenige Leute,\u00a0 weil sie drau\u00dfen alle aufgeschrieben wurden. Sie mussten Masken tragen, sich die H\u00e4nde desinfizieren und durften sich nur an bestimmte Pl\u00e4tze setzen. Und stellt euch vor, jetzt durften sie nicht mehr singen! Ein Gottesdienst ohne Gesang!<\/p>\n<p>Ab und an haben welche drau\u00dfen vor der Kirche gefeiert. Ich habe es an der Umtriebigkeiten vor dem Gottesdienst gemerkt und am Gesang von drau\u00dfen geh\u00f6rt. Ich habe auch mitbekommen, dass f\u00fcr jeden Teilnehmer eine T\u00fcte gepackt wurde. Alle haben etwas bekommen, das sie mit heimnehmen konnten. Damit konnte der Gottesdienst nachklingen. Tja, in solchen Zeiten ist es sch\u00f6n, wenn es mal was Neues gibt. Was f\u00fcr mich allerdings nicht zu fassen ist, dass die Leute auf Bierb\u00e4nken sa\u00dfen.<\/p>\n<p>Wenigstens das mit der Musik ist inzwischen ganz gut geworden. Die Orgel darf jetzt ganz alleine musizieren und keiner singt falsch dazwischen. Und dass wir so tolle S\u00e4nger*innen haben, die stellvertretend f\u00fcr die ganze Gemeinde singen, freut mich sehr.<\/p>\n<p>Sch\u00f6n ist ja jetzt auch, wenn ich nach jedem Gottesdienst ganz liebevoll desinfiziert und anschlie\u00dfend nochmals mit einem Frotteetuch gestreichelt werde. Das ist schon etwas Anderes, als sonst nur die Last der Betenden mittragen zu m\u00fcssen.<\/p>\n<p>Weniger angenehm ist, dass nur noch ganz wenig geheizt wird. Wenn es unter mir so kuschelig warm wurde, habe ich das immer sehr genossen. Und jetzt, wenn alle sich warm anziehen m\u00fcssen, kann ich die Leute vor lauter Vermum-mung fast gar nicht erkennen. Eins muss ich sagen. Alle strengen sich sehr an, dass hier in meiner Kirche sich niemand anstecken kann. Ich wei\u00df, dass viele wegen des Risikos nicht mehr hierher kommen. Diese Sorge kann ich auch gut verstehen.<\/p>\n<p>Doch ich hoffe, dass es bald wieder anders wird. Mir fehlen die zappelnden Kinder, die fragen, wann sie wieder nach drau\u00dfen d\u00fcrfen. Es fehlte mir die vollbesetzte Kirche an Weihnachten. (Das Krippenspiel, habe ich geh\u00f6rt, hat auf dem Schulhof stattgefunden, gleich 2x hintereinander &#8211; da habe ich wohl ziemlich was verpasst!).<\/p>\n<p>Es fehlt mir die Freude, wenn sich Menschen aus der Gemeinde getroffen haben und viele miteinander geredet haben. Wenn ein L\u00e4cheln in den Gesichtern diese zum Leuchten brachte und die Menschen unbeschwert nach Hause gegangen sind. Es fehlt mir das gemeinsame Singen (\u201ewer singt betet doppelt\u201c sagte schon unser Augustinus).<\/p>\n<p>Zu Silvester hat endlich mal wieder ein \u00f6kumenischer Gottesdienst stattge-funden. Die neue Pfarrerin kannte ich ja noch gar nicht, sie ist richtig nett! Die Gemeinschaft mit den Evangelischen fehlt mir.<\/p>\n<p>Das werde ich IHM jetzt mal sagen.<\/p>\n<p>Ich gr\u00fc\u00dfe Euch ganz herzlich und freue mich, wenn ich auch weiterhin an eurem Leben teilhaben und Euch unterst\u00fctzen kann.<\/p>\n<p><em>Eure Kirchenbank von der ersten Reihe<\/em><\/p>\n","protected":false},"excerpt":{"rendered":"<p>Hallo ihr Lieben, ihr kennt mich sicher alle, aber besonders beachtet werde ich meist nicht. Das ist erstaunlich, denn ich bin in meiner Kirche ganz vorne. Da bekomme ich auch vieles mit, was so passiert. Ich werde nur bei den gro\u00dfen Gottesdiensten ben\u00f6tigt, wenn die Kirche so richtig voll ist oder wenn viele Beteiligte dabei &hellip; <\/p>\n<p class=\"link-more\"><a href=\"https:\/\/sankt-augustinus-esslingen.de\/?p=2510\" class=\"more-link\"><span class=\"screen-reader-text\">\u201ezugesendeter Beitrag an die Redaktion\u201c <\/span>weiterlesen<\/a><\/p>\n","protected":false},"author":1,"featured_media":0,"comment_status":"closed","ping_status":"open","sticky":false,"template":"","format":"standard","meta":{"footnotes":""},"categories":[4],"tags":[],"class_list":["post-2510","post","type-post","status-publish","format-standard","hentry","category-blickpunkt"],"_links":{"self":[{"href":"https:\/\/sankt-augustinus-esslingen.de\/index.php?rest_route=\/wp\/v2\/posts\/2510","targetHints":{"allow":["GET"]}}],"collection":[{"href":"https:\/\/sankt-augustinus-esslingen.de\/index.php?rest_route=\/wp\/v2\/posts"}],"about":[{"href":"https:\/\/sankt-augustinus-esslingen.de\/index.php?rest_route=\/wp\/v2\/types\/post"}],"author":[{"embeddable":true,"href":"https:\/\/sankt-augustinus-esslingen.de\/index.php?rest_route=\/wp\/v2\/users\/1"}],"replies":[{"embeddable":true,"href":"https:\/\/sankt-augustinus-esslingen.de\/index.php?rest_route=%2Fwp%2Fv2%2Fcomments&post=2510"}],"version-history":[{"count":1,"href":"https:\/\/sankt-augustinus-esslingen.de\/index.php?rest_route=\/wp\/v2\/posts\/2510\/revisions"}],"predecessor-version":[{"id":2511,"href":"https:\/\/sankt-augustinus-esslingen.de\/index.php?rest_route=\/wp\/v2\/posts\/2510\/revisions\/2511"}],"wp:attachment":[{"href":"https:\/\/sankt-augustinus-esslingen.de\/index.php?rest_route=%2Fwp%2Fv2%2Fmedia&parent=2510"}],"wp:term":[{"taxonomy":"category","embeddable":true,"href":"https:\/\/sankt-augustinus-esslingen.de\/index.php?rest_route=%2Fwp%2Fv2%2Fcategories&post=2510"},{"taxonomy":"post_tag","embeddable":true,"href":"https:\/\/sankt-augustinus-esslingen.de\/index.php?rest_route=%2Fwp%2Fv2%2Ftags&post=2510"}],"curies":[{"name":"wp","href":"https:\/\/api.w.org\/{rel}","templated":true}]}}