{"id":2503,"date":"2021-01-16T13:06:58","date_gmt":"2021-01-16T12:06:58","guid":{"rendered":"http:\/\/sankt-augustinus-esslingen.de\/?p=2503"},"modified":"2021-04-02T11:15:40","modified_gmt":"2021-04-02T09:15:40","slug":"misereor-2021","status":"publish","type":"post","link":"https:\/\/sankt-augustinus-esslingen.de\/?p=2503","title":{"rendered":"MISEREOR 2021"},"content":{"rendered":"<p>Mit der Fastenaktion 2021 \u201eEs geht! Anders.\u201c l\u00e4dt MISEREOR dazu ein, wahrzunehmen: Was z\u00e4hlt wirklich f\u00fcr ein gutes Leben? Wie k\u00f6nnen wir eine andere Welt gestalten mit einem neuen Blick f\u00fcreinander und auf die Sch\u00f6pfung?<\/p>\n<p><img loading=\"lazy\" decoding=\"async\" class=\"size-medium wp-image-2464 alignleft\" style=\"font-size: 1rem;\" src=\"https:\/\/sankt-augustinus-esslingen.de\/wp-content\/uploads\/2021\/01\/misserio21-212x300.jpg\" alt=\"\" width=\"212\" height=\"300\" srcset=\"https:\/\/sankt-augustinus-esslingen.de\/wp-content\/uploads\/2021\/01\/misserio21-212x300.jpg 212w, https:\/\/sankt-augustinus-esslingen.de\/wp-content\/uploads\/2021\/01\/misserio21-723x1024.jpg 723w, https:\/\/sankt-augustinus-esslingen.de\/wp-content\/uploads\/2021\/01\/misserio21-768x1088.jpg 768w, https:\/\/sankt-augustinus-esslingen.de\/wp-content\/uploads\/2021\/01\/misserio21.jpg 908w\" sizes=\"auto, (max-width: 212px) 100vw, 212px\" \/><span style=\"font-size: 1rem;\">Mit der j\u00e4hrlichen MISEREOR-Fastenaktion macht das Hilfswerk deutlich, dass Fasten kein Selbstzweck ist: Es ist eine Zeit des Innehaltens, des Nachdenkens und der praktizierten N\u00e4chstenliebe.<\/span><\/p>\n<p>Seit 1958 steht MISEREOR f\u00fcr die gelebte Solidarit\u00e4t mit den Armen in Form eines tatkr\u00e4ftigen Engagements vieler Einzelpersonen, Pfarrgemeinden und Institutionen. Mit ihrem ganz pers\u00f6nlichen Beitrag unterst\u00fctzen zahlreiche Menschen die Entwicklungsarbeit von MISEREOR. Mit Entwicklungsprojekten in Afrika, Asien und Lateinamerika werden Menschen dabei unterst\u00fctzt, ihr Leben aus eigener Kraft nachhaltig positiv zu ver\u00e4ndern.<\/p>\n","protected":false},"excerpt":{"rendered":"<p>Mit der Fastenaktion 2021 \u201eEs geht! Anders.\u201c l\u00e4dt MISEREOR dazu ein, wahrzunehmen: Was z\u00e4hlt wirklich f\u00fcr ein gutes Leben? Wie k\u00f6nnen wir eine andere Welt gestalten mit einem neuen Blick f\u00fcreinander und auf die Sch\u00f6pfung? Mit der j\u00e4hrlichen MISEREOR-Fastenaktion macht das Hilfswerk deutlich, dass Fasten kein Selbstzweck ist: Es ist eine Zeit des Innehaltens, des &hellip; <\/p>\n<p class=\"link-more\"><a href=\"https:\/\/sankt-augustinus-esslingen.de\/?p=2503\" class=\"more-link\"><span class=\"screen-reader-text\">\u201eMISEREOR 2021\u201c <\/span>weiterlesen<\/a><\/p>\n","protected":false},"author":1,"featured_media":2464,"comment_status":"closed","ping_status":"open","sticky":false,"template":"","format":"standard","meta":{"footnotes":""},"categories":[4],"tags":[],"class_list":["post-2503","post","type-post","status-publish","format-standard","has-post-thumbnail","hentry","category-blickpunkt"],"_links":{"self":[{"href":"https:\/\/sankt-augustinus-esslingen.de\/index.php?rest_route=\/wp\/v2\/posts\/2503","targetHints":{"allow":["GET"]}}],"collection":[{"href":"https:\/\/sankt-augustinus-esslingen.de\/index.php?rest_route=\/wp\/v2\/posts"}],"about":[{"href":"https:\/\/sankt-augustinus-esslingen.de\/index.php?rest_route=\/wp\/v2\/types\/post"}],"author":[{"embeddable":true,"href":"https:\/\/sankt-augustinus-esslingen.de\/index.php?rest_route=\/wp\/v2\/users\/1"}],"replies":[{"embeddable":true,"href":"https:\/\/sankt-augustinus-esslingen.de\/index.php?rest_route=%2Fwp%2Fv2%2Fcomments&post=2503"}],"version-history":[{"count":1,"href":"https:\/\/sankt-augustinus-esslingen.de\/index.php?rest_route=\/wp\/v2\/posts\/2503\/revisions"}],"predecessor-version":[{"id":2504,"href":"https:\/\/sankt-augustinus-esslingen.de\/index.php?rest_route=\/wp\/v2\/posts\/2503\/revisions\/2504"}],"wp:featuredmedia":[{"embeddable":true,"href":"https:\/\/sankt-augustinus-esslingen.de\/index.php?rest_route=\/wp\/v2\/media\/2464"}],"wp:attachment":[{"href":"https:\/\/sankt-augustinus-esslingen.de\/index.php?rest_route=%2Fwp%2Fv2%2Fmedia&parent=2503"}],"wp:term":[{"taxonomy":"category","embeddable":true,"href":"https:\/\/sankt-augustinus-esslingen.de\/index.php?rest_route=%2Fwp%2Fv2%2Fcategories&post=2503"},{"taxonomy":"post_tag","embeddable":true,"href":"https:\/\/sankt-augustinus-esslingen.de\/index.php?rest_route=%2Fwp%2Fv2%2Ftags&post=2503"}],"curies":[{"name":"wp","href":"https:\/\/api.w.org\/{rel}","templated":true}]}}