{"id":2497,"date":"2021-01-16T13:01:13","date_gmt":"2021-01-16T12:01:13","guid":{"rendered":"http:\/\/sankt-augustinus-esslingen.de\/?p=2497"},"modified":"2021-04-02T11:15:51","modified_gmt":"2021-04-02T09:15:51","slug":"lebendiger-adventskalender-2","status":"publish","type":"post","link":"https:\/\/sankt-augustinus-esslingen.de\/?p=2497","title":{"rendered":"Lebendiger Adventskalender"},"content":{"rendered":"<p><img loading=\"lazy\" decoding=\"async\" class=\"alignleft wp-image-2467 size-full\" src=\"https:\/\/sankt-augustinus-esslingen.de\/wp-content\/uploads\/2021\/01\/adventskalender21.jpg\" alt=\"\" width=\"376\" height=\"835\" srcset=\"https:\/\/sankt-augustinus-esslingen.de\/wp-content\/uploads\/2021\/01\/adventskalender21.jpg 376w, https:\/\/sankt-augustinus-esslingen.de\/wp-content\/uploads\/2021\/01\/adventskalender21-135x300.jpg 135w\" sizes=\"auto, (max-width: 376px) 100vw, 376px\" \/>Wir m\u00f6chten uns bei allen Helfern, Ordnern, Geschichtenerz\u00e4hlern und bei allen die das T\u00fcrchen am 1. und 2. Advent beim Lebendigen Adventskalender musikalisch mitgestaltet haben herzlich bedanken!<\/p>\n<p>Ebenso bei allen Besuchern die sich, trotz Wind, Regen und Corona-Vorgaben, so zahlreich auf den Weg machten.<\/p>\n<p>Wir sind gl\u00fccklich, dass in diesem au\u00dfergew\u00f6hnlichen Jahr 2020 sich trotzdem zwei \u201eT\u00fcrchen \u00f6ffnen\u201c konnten und hoffentlich dem ein oder anderen etwas \u201eLicht\u201c in die Adventszeit brachte.<\/p>\n<p>Wir hoffen und w\u00fcnschen uns alle, dass wir im Advent 2021 wieder den Lebendigen Adventskalender in gewohnter Weise durchf\u00fchren k\u00f6nnen.<\/p>\n<p>So gehen wir zuversichtlich in dieses neue Jahr und w\u00fcnschen Ihnen allen ein gesegnetes und gesundes Jahr 2021!<\/p>\n<p>&nbsp;<\/p>\n<p>Es gr\u00fc\u00dft Sie das Vorbereitungsteam:<\/p>\n<p><em>Cordula + Markus Ruther und Katja + Patrick Spieth<\/em><\/p>\n","protected":false},"excerpt":{"rendered":"<p>Wir m\u00f6chten uns bei allen Helfern, Ordnern, Geschichtenerz\u00e4hlern und bei allen die das T\u00fcrchen am 1. und 2. Advent beim Lebendigen Adventskalender musikalisch mitgestaltet haben herzlich bedanken! Ebenso bei allen Besuchern die sich, trotz Wind, Regen und Corona-Vorgaben, so zahlreich auf den Weg machten. Wir sind gl\u00fccklich, dass in diesem au\u00dfergew\u00f6hnlichen Jahr 2020 sich trotzdem &hellip; <\/p>\n<p class=\"link-more\"><a href=\"https:\/\/sankt-augustinus-esslingen.de\/?p=2497\" class=\"more-link\"><span class=\"screen-reader-text\">\u201eLebendiger Adventskalender\u201c <\/span>weiterlesen<\/a><\/p>\n","protected":false},"author":1,"featured_media":1912,"comment_status":"closed","ping_status":"open","sticky":false,"template":"","format":"standard","meta":{"footnotes":""},"categories":[4],"tags":[],"class_list":["post-2497","post","type-post","status-publish","format-standard","has-post-thumbnail","hentry","category-blickpunkt"],"_links":{"self":[{"href":"https:\/\/sankt-augustinus-esslingen.de\/index.php?rest_route=\/wp\/v2\/posts\/2497","targetHints":{"allow":["GET"]}}],"collection":[{"href":"https:\/\/sankt-augustinus-esslingen.de\/index.php?rest_route=\/wp\/v2\/posts"}],"about":[{"href":"https:\/\/sankt-augustinus-esslingen.de\/index.php?rest_route=\/wp\/v2\/types\/post"}],"author":[{"embeddable":true,"href":"https:\/\/sankt-augustinus-esslingen.de\/index.php?rest_route=\/wp\/v2\/users\/1"}],"replies":[{"embeddable":true,"href":"https:\/\/sankt-augustinus-esslingen.de\/index.php?rest_route=%2Fwp%2Fv2%2Fcomments&post=2497"}],"version-history":[{"count":1,"href":"https:\/\/sankt-augustinus-esslingen.de\/index.php?rest_route=\/wp\/v2\/posts\/2497\/revisions"}],"predecessor-version":[{"id":2498,"href":"https:\/\/sankt-augustinus-esslingen.de\/index.php?rest_route=\/wp\/v2\/posts\/2497\/revisions\/2498"}],"wp:featuredmedia":[{"embeddable":true,"href":"https:\/\/sankt-augustinus-esslingen.de\/index.php?rest_route=\/wp\/v2\/media\/1912"}],"wp:attachment":[{"href":"https:\/\/sankt-augustinus-esslingen.de\/index.php?rest_route=%2Fwp%2Fv2%2Fmedia&parent=2497"}],"wp:term":[{"taxonomy":"category","embeddable":true,"href":"https:\/\/sankt-augustinus-esslingen.de\/index.php?rest_route=%2Fwp%2Fv2%2Fcategories&post=2497"},{"taxonomy":"post_tag","embeddable":true,"href":"https:\/\/sankt-augustinus-esslingen.de\/index.php?rest_route=%2Fwp%2Fv2%2Ftags&post=2497"}],"curies":[{"name":"wp","href":"https:\/\/api.w.org\/{rel}","templated":true}]}}