{"id":2495,"date":"2021-01-16T12:59:55","date_gmt":"2021-01-16T11:59:55","guid":{"rendered":"http:\/\/sankt-augustinus-esslingen.de\/?p=2495"},"modified":"2021-04-02T11:15:56","modified_gmt":"2021-04-02T09:15:56","slug":"haus-der-katholischen-kirche","status":"publish","type":"post","link":"https:\/\/sankt-augustinus-esslingen.de\/?p=2495","title":{"rendered":"Haus der katholischen Kirche"},"content":{"rendered":"<p><strong>Adventskalender der Hoffnung und Hoffnungssterne\u00a0 <\/strong><\/p>\n<p>Mitglieder der Arbeitskreise \u201aHaus der Katholischen Kirche\u2018 und \u201aLiturgie und Spiritualit\u00e4t\u2018 haben mit viel Engagement die Aktionen \u201eAdventskalender der Hoffnung\u201c und \u201eHoffnungssterne\u201c kreiert. Texte, manche davon selbst geschrieben und Bilder, z.T. von Kindern und Esslinger K\u00fcnstler*innen gestaltet, wechselten sich ab und machten neugierig t\u00e4glich ins Adventsfenster am zuk\u00fcnftigen Haus der Kirche zu schauen. Alles war auch danach noch nachzulesen, bzw. nachzuschauen am benachbarten gro\u00dfen Fenster. Zusammen mit den Hoffnungssternen, die an einem eigens aufgestellten Tannenbaum hingen und mitgenommen werden konnten, verbreiteten\u00a0 beide Aktionen Zuversicht und beschenkten Menschen in einer Zeit voll Sorge und Unsicherheit mit der Zusage:\u00a0 Es gibt Hoffnung!<\/p>\n","protected":false},"excerpt":{"rendered":"<p>Adventskalender der Hoffnung und Hoffnungssterne\u00a0 Mitglieder der Arbeitskreise \u201aHaus der Katholischen Kirche\u2018 und \u201aLiturgie und Spiritualit\u00e4t\u2018 haben mit viel Engagement die Aktionen \u201eAdventskalender der Hoffnung\u201c und \u201eHoffnungssterne\u201c kreiert. Texte, manche davon selbst geschrieben und Bilder, z.T. von Kindern und Esslinger K\u00fcnstler*innen gestaltet, wechselten sich ab und machten neugierig t\u00e4glich ins Adventsfenster am zuk\u00fcnftigen Haus der &hellip; <\/p>\n<p class=\"link-more\"><a href=\"https:\/\/sankt-augustinus-esslingen.de\/?p=2495\" class=\"more-link\"><span class=\"screen-reader-text\">\u201eHaus der katholischen Kirche\u201c <\/span>weiterlesen<\/a><\/p>\n","protected":false},"author":1,"featured_media":0,"comment_status":"closed","ping_status":"open","sticky":false,"template":"","format":"standard","meta":{"footnotes":""},"categories":[4],"tags":[],"class_list":["post-2495","post","type-post","status-publish","format-standard","hentry","category-blickpunkt"],"_links":{"self":[{"href":"https:\/\/sankt-augustinus-esslingen.de\/index.php?rest_route=\/wp\/v2\/posts\/2495","targetHints":{"allow":["GET"]}}],"collection":[{"href":"https:\/\/sankt-augustinus-esslingen.de\/index.php?rest_route=\/wp\/v2\/posts"}],"about":[{"href":"https:\/\/sankt-augustinus-esslingen.de\/index.php?rest_route=\/wp\/v2\/types\/post"}],"author":[{"embeddable":true,"href":"https:\/\/sankt-augustinus-esslingen.de\/index.php?rest_route=\/wp\/v2\/users\/1"}],"replies":[{"embeddable":true,"href":"https:\/\/sankt-augustinus-esslingen.de\/index.php?rest_route=%2Fwp%2Fv2%2Fcomments&post=2495"}],"version-history":[{"count":1,"href":"https:\/\/sankt-augustinus-esslingen.de\/index.php?rest_route=\/wp\/v2\/posts\/2495\/revisions"}],"predecessor-version":[{"id":2496,"href":"https:\/\/sankt-augustinus-esslingen.de\/index.php?rest_route=\/wp\/v2\/posts\/2495\/revisions\/2496"}],"wp:attachment":[{"href":"https:\/\/sankt-augustinus-esslingen.de\/index.php?rest_route=%2Fwp%2Fv2%2Fmedia&parent=2495"}],"wp:term":[{"taxonomy":"category","embeddable":true,"href":"https:\/\/sankt-augustinus-esslingen.de\/index.php?rest_route=%2Fwp%2Fv2%2Fcategories&post=2495"},{"taxonomy":"post_tag","embeddable":true,"href":"https:\/\/sankt-augustinus-esslingen.de\/index.php?rest_route=%2Fwp%2Fv2%2Ftags&post=2495"}],"curies":[{"name":"wp","href":"https:\/\/api.w.org\/{rel}","templated":true}]}}