{"id":2487,"date":"2021-01-16T12:54:11","date_gmt":"2021-01-16T11:54:11","guid":{"rendered":"http:\/\/sankt-augustinus-esslingen.de\/?p=2487"},"modified":"2021-04-02T11:16:13","modified_gmt":"2021-04-02T09:16:13","slug":"kloster-fuer-die-stadt-5","status":"publish","type":"post","link":"https:\/\/sankt-augustinus-esslingen.de\/?p=2487","title":{"rendered":"Kloster f\u00fcr die Stadt"},"content":{"rendered":"<p><strong>Wesentliches entdecken \u00a0\u00a0\u00a0\u00a0\u00a0\u00a0\u00a0\u00a0\u00a0\u00a0\u00a0\u00a0\u00a0\u00a0\u00a0\u00a0\u00a0\u00a0\u00a0\u00a0\u00a0\u00a0\u00a0\u00a0\u00a0\u00a0 <\/strong><\/p>\n<p>Unter diesem Stichwort bietet die \u00f6kumenische Cityseelsorge Angebote f\u00fcr Geist, Leib und Seele.<\/p>\n<p>Vorerst wird es kein gedrucktes Programm geben,\u00a0doch Sie k\u00f6nnen einen \u201anewsletter\u2018 erhalten,\u00a0zu bestellen bei: <a href=\"mailto:cornelia.krause@elkw.de\">cornelia.krause@elkw.de<\/a><\/p>\n<p><strong>\u00a0<\/strong><strong><em>Der Beitrag der Cityseelsorge\u00a0<\/em><\/strong><strong><em>bei den Esslinger Frauenwochen<\/em><\/strong><\/p>\n<p><em>.\u201eW\u00fcrden wir auf nichts anderes sehen als auf den Weg,\u00a0<\/em><em>so w\u00e4ren wir bald am Ziel.\u201c Teresa von Avila (1515-1582)<\/em><\/p>\n<p><strong>Frauen machen sich auf den Weg<\/strong><\/p>\n<p>Sonntagsspaziergang mit Claudia Gieseler-Christ, Pilgerbegleiterin, Frauen der Initiative Maria 2.0 und Cornelia Krause, City-Pfarrerin<\/p>\n<p>Ein Sonntagsspaziergang, der ein bisschen l\u00e4nger gehen darf. F\u00fcr manche Wege braucht es einen langen Atem, oder, wie hei\u00dft es ein bisschen despektierlich: \u201eGut Ding braucht Weile, kirchlich Ding braucht lange Weile.\u201c Langweilig aber wird es uns sicher nicht. Daf\u00fcr sorgen, neben frischer Luft und Gemeinschaft, die Impulse, die uns fr\u00f6hlich, gelassen, aber auch mit Ausdauer und Geduld unseren Weg verfolgen lassen. Pers\u00f6nlich, politisch, kirchlich \u2013 und miteinander. Mit dabei sind Frauen der regionalen Maria 2.0-Gruppe. Angesichts der Krise der katholischen Kirche fordern sie tiefgreifende Reformen. Sie geben Frauen und M\u00e4nnern eine Stimme und setzten sich f\u00fcr eine ver\u00e4nderte Kirche im Sinne der Botschaft Jesu ein. Gemeinsam machen wir die Erfahrung: Wer einen Schritt nach dem anderen geht, kann Dinge in Bewegung bringen und zugleich bei sich selbst ankommen. Gehen Sie \u2013 geh Du \u2013 doch einfach mit!<\/p>\n<p>So, 14. 3. 2021, 13:00 bis 16:00 Uhr, Beitrag: 8 \u20ac<\/p>\n<p><strong>Treffpunkt:<\/strong> Aussichtsplattform Panoramaweg Ostfildern-Parksiedlung, Breslauer Stra\u00dfe, Ostfildern-Parksiedlung (Haltestelle Parksiedlung Robert-Koch-Stra\u00dfe)<\/p>\n<p><strong>Anmeldung:<\/strong> 0711 38 12 77, <a href=\"mailto:pfarramt.esslingen.sued-city@elkw.de\">pfarramt.esslingen.sued-city@elkw.de<\/a><\/p>\n<p>Veranstalterin: Kloster f\u00fcr die Stadt, Esslingen<\/p>\n<p>F\u00fcr gef\u00fchrte Pilgerwanderungen gibt es ein Hygienekonzept der Evangelischen Landeskirche W\u00fcrttemberg.<\/p>\n<p><strong>\u00d6kumenische Marktandacht<\/strong><\/p>\n<p>Immer mittwochs, 9:00 Uhr im M\u00fcnster St. Paul am Marktplatz, 20 Minuten\u00a0zum Innehalten gestaltet mit Musik und Gesang, Lesung aus der Bibel, Stille\u00a0und Gebet.<\/p>\n","protected":false},"excerpt":{"rendered":"<p>Wesentliches entdecken \u00a0\u00a0\u00a0\u00a0\u00a0\u00a0\u00a0\u00a0\u00a0\u00a0\u00a0\u00a0\u00a0\u00a0\u00a0\u00a0\u00a0\u00a0\u00a0\u00a0\u00a0\u00a0\u00a0\u00a0\u00a0\u00a0 Unter diesem Stichwort bietet die \u00f6kumenische Cityseelsorge Angebote f\u00fcr Geist, Leib und Seele. Vorerst wird es kein gedrucktes Programm geben,\u00a0doch Sie k\u00f6nnen einen \u201anewsletter\u2018 erhalten,\u00a0zu bestellen bei: cornelia.krause@elkw.de \u00a0Der Beitrag der Cityseelsorge\u00a0bei den Esslinger Frauenwochen .\u201eW\u00fcrden wir auf nichts anderes sehen als auf den Weg,\u00a0so w\u00e4ren wir bald am Ziel.\u201c Teresa von &hellip; <\/p>\n<p class=\"link-more\"><a href=\"https:\/\/sankt-augustinus-esslingen.de\/?p=2487\" class=\"more-link\"><span class=\"screen-reader-text\">\u201eKloster f\u00fcr die Stadt\u201c <\/span>weiterlesen<\/a><\/p>\n","protected":false},"author":1,"featured_media":977,"comment_status":"closed","ping_status":"open","sticky":false,"template":"","format":"standard","meta":{"footnotes":""},"categories":[4],"tags":[],"class_list":["post-2487","post","type-post","status-publish","format-standard","has-post-thumbnail","hentry","category-blickpunkt"],"_links":{"self":[{"href":"https:\/\/sankt-augustinus-esslingen.de\/index.php?rest_route=\/wp\/v2\/posts\/2487","targetHints":{"allow":["GET"]}}],"collection":[{"href":"https:\/\/sankt-augustinus-esslingen.de\/index.php?rest_route=\/wp\/v2\/posts"}],"about":[{"href":"https:\/\/sankt-augustinus-esslingen.de\/index.php?rest_route=\/wp\/v2\/types\/post"}],"author":[{"embeddable":true,"href":"https:\/\/sankt-augustinus-esslingen.de\/index.php?rest_route=\/wp\/v2\/users\/1"}],"replies":[{"embeddable":true,"href":"https:\/\/sankt-augustinus-esslingen.de\/index.php?rest_route=%2Fwp%2Fv2%2Fcomments&post=2487"}],"version-history":[{"count":1,"href":"https:\/\/sankt-augustinus-esslingen.de\/index.php?rest_route=\/wp\/v2\/posts\/2487\/revisions"}],"predecessor-version":[{"id":2488,"href":"https:\/\/sankt-augustinus-esslingen.de\/index.php?rest_route=\/wp\/v2\/posts\/2487\/revisions\/2488"}],"wp:featuredmedia":[{"embeddable":true,"href":"https:\/\/sankt-augustinus-esslingen.de\/index.php?rest_route=\/wp\/v2\/media\/977"}],"wp:attachment":[{"href":"https:\/\/sankt-augustinus-esslingen.de\/index.php?rest_route=%2Fwp%2Fv2%2Fmedia&parent=2487"}],"wp:term":[{"taxonomy":"category","embeddable":true,"href":"https:\/\/sankt-augustinus-esslingen.de\/index.php?rest_route=%2Fwp%2Fv2%2Fcategories&post=2487"},{"taxonomy":"post_tag","embeddable":true,"href":"https:\/\/sankt-augustinus-esslingen.de\/index.php?rest_route=%2Fwp%2Fv2%2Ftags&post=2487"}],"curies":[{"name":"wp","href":"https:\/\/api.w.org\/{rel}","templated":true}]}}