{"id":2485,"date":"2021-01-16T12:52:19","date_gmt":"2021-01-16T11:52:19","guid":{"rendered":"http:\/\/sankt-augustinus-esslingen.de\/?p=2485"},"modified":"2021-04-02T11:16:25","modified_gmt":"2021-04-02T09:16:25","slug":"gesamtkirchengemeinde-5","status":"publish","type":"post","link":"https:\/\/sankt-augustinus-esslingen.de\/?p=2485","title":{"rendered":"Gesamtkirchengemeinde"},"content":{"rendered":"<p><strong>Sakrament der Vers\u00f6hnung im M\u00fcnster St. Paul<\/strong><strong><br \/>\n<\/strong>M\u00f6glichkeit zum seelsorglichen Gespr\u00e4ch und zum Sakrament der Vers\u00f6hnung (Beichte) immer samstags 16.30 \u2013 17.30 Uhr.<\/p>\n<p>&nbsp;<\/p>\n<p>06.02.\u00a0\u00a0\u00a0\u00a0\u00a0\u00a0\u00a0 Pfarrer Marx\u00a0\u00a0\u00a0\u00a0\u00a0\u00a0\u00a0\u00a0\u00a0\u00a0\u00a0\u00a0\u00a0\u00a0\u00a0\u00a0\u00a0\u00a0\u00a0\u00a0\u00a0\u00a0\u00a0\u00a0 06.03.\u00a0\u00a0\u00a0\u00a0\u00a0\u00a0\u00a0 Pfarrer Scheifele<\/p>\n<p>13.02.\u00a0\u00a0\u00a0\u00a0\u00a0\u00a0\u00a0 Pfarrer M\u00f6hler\u00a0\u00a0\u00a0\u00a0\u00a0\u00a0\u00a0\u00a0\u00a0\u00a0\u00a0\u00a0\u00a0\u00a0\u00a0\u00a0\u00a0\u00a0\u00a0\u00a0\u00a0 13.03.\u00a0\u00a0\u00a0\u00a0\u00a0\u00a0\u00a0 Pfarrer M\u00f6hler<\/p>\n<p>20.02.\u00a0\u00a0\u00a0\u00a0\u00a0\u00a0\u00a0 Pfarrer Marx\u00a0\u00a0\u00a0\u00a0\u00a0\u00a0\u00a0\u00a0\u00a0\u00a0\u00a0\u00a0\u00a0\u00a0\u00a0\u00a0\u00a0\u00a0\u00a0\u00a0\u00a0\u00a0\u00a0\u00a0 20.03.\u00a0\u00a0\u00a0\u00a0\u00a0\u00a0\u00a0 Pfarrer Marx<\/p>\n<p>27.02.\u00a0\u00a0\u00a0\u00a0\u00a0\u00a0\u00a0 Pfarrer Scheifele\u00a0\u00a0\u00a0\u00a0\u00a0\u00a0\u00a0\u00a0\u00a0\u00a0\u00a0\u00a0\u00a0\u00a0\u00a0\u00a0\u00a0\u00a0 27.03.\u00a0\u00a0\u00a0\u00a0\u00a0\u00a0\u00a0 Pfarrer Eke<\/p>\n<p><strong>Eine Alternative zum pers\u00f6nlichen Gottesdienstbesuch ist das Angebot von Livestreams<\/strong><\/p>\n<p>&nbsp;<\/p>\n<p><strong>Alle Livestreams finden Sie hier: <\/strong><\/p>\n<p><u>https:\/\/katholische-kirche-esslingen.de\/impulse-gebete\/livestream-aus-dem-muenster-st-paul\/ <\/u><\/p>\n<p>Dort werden auch die Verkn\u00fcpfungen zu den bereits gesendeten Messfeiern zum erneuten Anschauen gelistet.\u00a0Schauen Sie immer mal wieder rein, auch auf:<\/p>\n<p><u>https:\/\/katholische-kirche-esslingen.de\/ <\/u><\/p>\n","protected":false},"excerpt":{"rendered":"<p>Sakrament der Vers\u00f6hnung im M\u00fcnster St. Paul M\u00f6glichkeit zum seelsorglichen Gespr\u00e4ch und zum Sakrament der Vers\u00f6hnung (Beichte) immer samstags 16.30 \u2013 17.30 Uhr. &nbsp; 06.02.\u00a0\u00a0\u00a0\u00a0\u00a0\u00a0\u00a0 Pfarrer Marx\u00a0\u00a0\u00a0\u00a0\u00a0\u00a0\u00a0\u00a0\u00a0\u00a0\u00a0\u00a0\u00a0\u00a0\u00a0\u00a0\u00a0\u00a0\u00a0\u00a0\u00a0\u00a0\u00a0\u00a0 06.03.\u00a0\u00a0\u00a0\u00a0\u00a0\u00a0\u00a0 Pfarrer Scheifele 13.02.\u00a0\u00a0\u00a0\u00a0\u00a0\u00a0\u00a0 Pfarrer M\u00f6hler\u00a0\u00a0\u00a0\u00a0\u00a0\u00a0\u00a0\u00a0\u00a0\u00a0\u00a0\u00a0\u00a0\u00a0\u00a0\u00a0\u00a0\u00a0\u00a0\u00a0\u00a0 13.03.\u00a0\u00a0\u00a0\u00a0\u00a0\u00a0\u00a0 Pfarrer M\u00f6hler 20.02.\u00a0\u00a0\u00a0\u00a0\u00a0\u00a0\u00a0 Pfarrer Marx\u00a0\u00a0\u00a0\u00a0\u00a0\u00a0\u00a0\u00a0\u00a0\u00a0\u00a0\u00a0\u00a0\u00a0\u00a0\u00a0\u00a0\u00a0\u00a0\u00a0\u00a0\u00a0\u00a0\u00a0 20.03.\u00a0\u00a0\u00a0\u00a0\u00a0\u00a0\u00a0 Pfarrer Marx 27.02.\u00a0\u00a0\u00a0\u00a0\u00a0\u00a0\u00a0 Pfarrer Scheifele\u00a0\u00a0\u00a0\u00a0\u00a0\u00a0\u00a0\u00a0\u00a0\u00a0\u00a0\u00a0\u00a0\u00a0\u00a0\u00a0\u00a0\u00a0 27.03.\u00a0\u00a0\u00a0\u00a0\u00a0\u00a0\u00a0 Pfarrer Eke Eine Alternative zum pers\u00f6nlichen Gottesdienstbesuch ist das &hellip; <\/p>\n<p class=\"link-more\"><a href=\"https:\/\/sankt-augustinus-esslingen.de\/?p=2485\" class=\"more-link\"><span class=\"screen-reader-text\">\u201eGesamtkirchengemeinde\u201c <\/span>weiterlesen<\/a><\/p>\n","protected":false},"author":1,"featured_media":2454,"comment_status":"closed","ping_status":"open","sticky":false,"template":"","format":"standard","meta":{"footnotes":""},"categories":[4],"tags":[],"class_list":["post-2485","post","type-post","status-publish","format-standard","has-post-thumbnail","hentry","category-blickpunkt"],"_links":{"self":[{"href":"https:\/\/sankt-augustinus-esslingen.de\/index.php?rest_route=\/wp\/v2\/posts\/2485","targetHints":{"allow":["GET"]}}],"collection":[{"href":"https:\/\/sankt-augustinus-esslingen.de\/index.php?rest_route=\/wp\/v2\/posts"}],"about":[{"href":"https:\/\/sankt-augustinus-esslingen.de\/index.php?rest_route=\/wp\/v2\/types\/post"}],"author":[{"embeddable":true,"href":"https:\/\/sankt-augustinus-esslingen.de\/index.php?rest_route=\/wp\/v2\/users\/1"}],"replies":[{"embeddable":true,"href":"https:\/\/sankt-augustinus-esslingen.de\/index.php?rest_route=%2Fwp%2Fv2%2Fcomments&post=2485"}],"version-history":[{"count":1,"href":"https:\/\/sankt-augustinus-esslingen.de\/index.php?rest_route=\/wp\/v2\/posts\/2485\/revisions"}],"predecessor-version":[{"id":2486,"href":"https:\/\/sankt-augustinus-esslingen.de\/index.php?rest_route=\/wp\/v2\/posts\/2485\/revisions\/2486"}],"wp:featuredmedia":[{"embeddable":true,"href":"https:\/\/sankt-augustinus-esslingen.de\/index.php?rest_route=\/wp\/v2\/media\/2454"}],"wp:attachment":[{"href":"https:\/\/sankt-augustinus-esslingen.de\/index.php?rest_route=%2Fwp%2Fv2%2Fmedia&parent=2485"}],"wp:term":[{"taxonomy":"category","embeddable":true,"href":"https:\/\/sankt-augustinus-esslingen.de\/index.php?rest_route=%2Fwp%2Fv2%2Fcategories&post=2485"},{"taxonomy":"post_tag","embeddable":true,"href":"https:\/\/sankt-augustinus-esslingen.de\/index.php?rest_route=%2Fwp%2Fv2%2Ftags&post=2485"}],"curies":[{"name":"wp","href":"https:\/\/api.w.org\/{rel}","templated":true}]}}