{"id":2480,"date":"2021-01-16T12:48:44","date_gmt":"2021-01-16T11:48:44","guid":{"rendered":"http:\/\/sankt-augustinus-esslingen.de\/?p=2480"},"modified":"2021-04-02T11:16:37","modified_gmt":"2021-04-02T09:16:37","slug":"vesperkirche-anders","status":"publish","type":"post","link":"https:\/\/sankt-augustinus-esslingen.de\/?p=2480","title":{"rendered":"Vesperkirche anders"},"content":{"rendered":"<p><strong>\u00a0<\/strong><strong>Informationen zur 12. Esslinger Vesperkirche <\/strong><strong>vom 28.2. &#8211; 14.3.2021 <\/strong><\/p>\n<p><em>\u00a0<\/em><em>F\u00fcr die n\u00e4chste Saison gibt es einschneidende Ver\u00e4nderungen.<br \/>\nEs wird keine Flyer geben.\u00a0 <\/em><\/p>\n<p>Corona hat herbe Einschnitte erfordert.<\/p>\n<p>Die Vesperkirchen, die vielerorts ausgefallen sind, wurden schmerzlich vermisst. Von unseren G\u00e4sten und von den Mitarbeitenden. Es gab im Vorfeld bei den Vesperkirchenorganisatoren in Baden-W\u00fcrttemberg viele unterschiedliche Konzepte, die jetzt je nach M\u00f6glichkeiten durchgef\u00fchrt werden sollen.<\/p>\n<p>Nach intensiven \u00dcberlegungen wird die Evangelische Gesamtkirchengemeinde \u00a0die Esslinger Vesperkirche 2021 entweder als vor Ort Gastronomie anbieten oder die Speisen in T\u00fcten mitgeben. Das entscheidet die aktuelle Lage.<\/p>\n<p>&nbsp;<\/p>\n<p><strong>Die Esslinger Vesperkirche 2021 wird kleiner.<br \/>\n<\/strong>Konkret: Vom 28.2.2021 &#8211; 14.3.2021. Im Gemeindehaus am Blarerplatz. F\u00fcr t\u00e4glich 55 G\u00e4ste, die \u00fcber die Anlaufstellen, Diakonie- und Tafell\u00e4den in Esslingen eingeladen werden, w\u00e4re eine vor Ort Verk\u00f6stigung m\u00f6glich.<\/p>\n<p>Im Gemeindehaus am Blarerplatz gibt es dann wieder ein reichhaltiges Essen f\u00fcr 1,50 Euro.\u00a0 Das Essen findet von 12.00 &#8211; 14.00 Uhr statt. Auf ein Kuchenbuffet wird verzichtet.<\/p>\n<p>Auch wenn es jetzt in kleinerem Rahmen abl\u00e4uft, w\u00fcnscht sich Tr\u00e4ger der Vesperkirche wieder zahlreiche Spenden.<\/p>\n<p>Bankverbindung der Evangelische Gesamtkirchengemeinde Esslingen:<br \/>\nKreissparkasse Esslingen &#8211; IBAN DE24 6115 0020 0000 9025 79<\/p>\n<p>Herzlichen Dank f\u00fcr Ihre Unterst\u00fctzung!<\/p>\n<p>Aktuelle Informationen unter: www.vesperkirchen-landkreis-esslingen.de<\/p>\n<p><em>Bernd Schwemm<\/em><\/p>\n<p><em>\u00a0<\/em><\/p>\n<p><strong><img loading=\"lazy\" decoding=\"async\" class=\"size-medium wp-image-2458 alignleft\" src=\"https:\/\/sankt-augustinus-esslingen.de\/wp-content\/uploads\/2021\/01\/kirchen-ev-300x103.png\" alt=\"\" width=\"300\" height=\"103\" srcset=\"https:\/\/sankt-augustinus-esslingen.de\/wp-content\/uploads\/2021\/01\/kirchen-ev-300x103.png 300w, https:\/\/sankt-augustinus-esslingen.de\/wp-content\/uploads\/2021\/01\/kirchen-ev-768x265.png 768w, https:\/\/sankt-augustinus-esslingen.de\/wp-content\/uploads\/2021\/01\/kirchen-ev.png 775w\" sizes=\"auto, (max-width: 300px) 100vw, 300px\" \/>Die Vesperkirche Esslingen ist eine Initiative der Evangelischen <\/strong><strong>\u00a0<\/strong><strong>Gesamtkirchengemeinde Esslingen und dem\u00a0\u00a0 <\/strong><strong>\u00a0<\/strong><strong>Kooperationspartner sind die <img loading=\"lazy\" decoding=\"async\" class=\"size-full wp-image-2453 alignleft\" src=\"https:\/\/sankt-augustinus-esslingen.de\/wp-content\/uploads\/2021\/01\/diakonie.jpg\" alt=\"\" width=\"161\" height=\"22\" \/>Katholische Kirche Esslingen, sowie\u00a0 <\/strong><\/p>\n","protected":false},"excerpt":{"rendered":"<p>\u00a0Informationen zur 12. Esslinger Vesperkirche vom 28.2. &#8211; 14.3.2021 \u00a0F\u00fcr die n\u00e4chste Saison gibt es einschneidende Ver\u00e4nderungen. Es wird keine Flyer geben.\u00a0 Corona hat herbe Einschnitte erfordert. Die Vesperkirchen, die vielerorts ausgefallen sind, wurden schmerzlich vermisst. Von unseren G\u00e4sten und von den Mitarbeitenden. Es gab im Vorfeld bei den Vesperkirchenorganisatoren in Baden-W\u00fcrttemberg viele unterschiedliche Konzepte, &hellip; <\/p>\n<p class=\"link-more\"><a href=\"https:\/\/sankt-augustinus-esslingen.de\/?p=2480\" class=\"more-link\"><span class=\"screen-reader-text\">\u201eVesperkirche anders\u201c <\/span>weiterlesen<\/a><\/p>\n","protected":false},"author":1,"featured_media":2482,"comment_status":"closed","ping_status":"open","sticky":false,"template":"","format":"standard","meta":{"footnotes":""},"categories":[4],"tags":[],"class_list":["post-2480","post","type-post","status-publish","format-standard","has-post-thumbnail","hentry","category-blickpunkt"],"_links":{"self":[{"href":"https:\/\/sankt-augustinus-esslingen.de\/index.php?rest_route=\/wp\/v2\/posts\/2480","targetHints":{"allow":["GET"]}}],"collection":[{"href":"https:\/\/sankt-augustinus-esslingen.de\/index.php?rest_route=\/wp\/v2\/posts"}],"about":[{"href":"https:\/\/sankt-augustinus-esslingen.de\/index.php?rest_route=\/wp\/v2\/types\/post"}],"author":[{"embeddable":true,"href":"https:\/\/sankt-augustinus-esslingen.de\/index.php?rest_route=\/wp\/v2\/users\/1"}],"replies":[{"embeddable":true,"href":"https:\/\/sankt-augustinus-esslingen.de\/index.php?rest_route=%2Fwp%2Fv2%2Fcomments&post=2480"}],"version-history":[{"count":1,"href":"https:\/\/sankt-augustinus-esslingen.de\/index.php?rest_route=\/wp\/v2\/posts\/2480\/revisions"}],"predecessor-version":[{"id":2481,"href":"https:\/\/sankt-augustinus-esslingen.de\/index.php?rest_route=\/wp\/v2\/posts\/2480\/revisions\/2481"}],"wp:featuredmedia":[{"embeddable":true,"href":"https:\/\/sankt-augustinus-esslingen.de\/index.php?rest_route=\/wp\/v2\/media\/2482"}],"wp:attachment":[{"href":"https:\/\/sankt-augustinus-esslingen.de\/index.php?rest_route=%2Fwp%2Fv2%2Fmedia&parent=2480"}],"wp:term":[{"taxonomy":"category","embeddable":true,"href":"https:\/\/sankt-augustinus-esslingen.de\/index.php?rest_route=%2Fwp%2Fv2%2Fcategories&post=2480"},{"taxonomy":"post_tag","embeddable":true,"href":"https:\/\/sankt-augustinus-esslingen.de\/index.php?rest_route=%2Fwp%2Fv2%2Ftags&post=2480"}],"curies":[{"name":"wp","href":"https:\/\/api.w.org\/{rel}","templated":true}]}}