{"id":2395,"date":"2020-11-22T09:35:53","date_gmt":"2020-11-22T08:35:53","guid":{"rendered":"http:\/\/sankt-augustinus-esslingen.de\/?p=2395"},"modified":"2021-01-16T12:30:10","modified_gmt":"2021-01-16T11:30:10","slug":"gottesdienste-in-st-augustinus-im-advent-mit-besonderen-akzenten","status":"publish","type":"post","link":"https:\/\/sankt-augustinus-esslingen.de\/?p=2395","title":{"rendered":"Gottesdienste in St. Augustinus im Advent mit besonderen Akzenten"},"content":{"rendered":"<p>Entsprechend der gegenw\u00e4rtigen Zeit, wo wir mehr Zeit zu Hause verbringen, r\u00fccken wir alte Br\u00e4uche und deren Bedeutung f\u00fcr uns in den Mittelpunkt. Entdecken Sie mit uns, was diese Br\u00e4uche uns heute wieder sagen k\u00f6nnen:<\/p>\n<p><strong>Sonntag, 29. November, 1. Advent, Wortgottesfeier mit Kommunion <\/strong><\/p>\n<p>10:30 Uhr, zum Thema \u201eBarbara\u201c<\/p>\n<p><strong>\u00a0<\/strong><strong>Sonntag, 06. Dezember, 2. Advent, Eucharistiefeier<\/strong><\/p>\n<p>9:00 Uhr, zum Thema \u201eNikolaus\u201c<\/p>\n<p><strong>\u00a0<\/strong><strong>Sonntag, 13. Dezember, 3. Advent, Wortgottesfeier mit Kommunion <\/strong><\/p>\n<p>10:30 Uhr, zum Thema \u201eLucia \u2013 die Lichtbringerin\u201c<\/p>\n<p><strong>Sonntag, 20. Dezember, 4. Advent, Eucharistiefeier<\/strong><\/p>\n<p>9:00 Uhr, zum Thema \u201ewas uns die Krippenfiguren erz\u00e4hlen\u201c<\/p>\n<p><strong><img loading=\"lazy\" decoding=\"async\" class=\"size-medium wp-image-2396 alignleft\" src=\"https:\/\/sankt-augustinus-esslingen.de\/wp-content\/uploads\/2020\/11\/Kerze-300x159.jpg\" alt=\"\" width=\"300\" height=\"159\" srcset=\"https:\/\/sankt-augustinus-esslingen.de\/wp-content\/uploads\/2020\/11\/Kerze-300x159.jpg 300w, https:\/\/sankt-augustinus-esslingen.de\/wp-content\/uploads\/2020\/11\/Kerze.jpg 351w\" sizes=\"auto, (max-width: 300px) 100vw, 300px\" \/>Rorate \u2013 der besondere Gottesdienst im Advent<\/strong><\/p>\n<p>Fr\u00fchmorgens vor der Arbeit in der dunklen Kirche zusammenkommen, bei Kerzenschein miteinander Gottesdienst feiern &#8211; das ist Rorate.<\/p>\n<p>Das gewohnte gemeinsame Fr\u00fchst\u00fccken entf\u00e4llt in diesem Jahr, <strong>deshalb ist der Beginn jetzt um 6:30 Uhr am 1.\/8.\/15.\/22. Dezember.<\/strong><\/p>\n<p>\u00dcbrigens: \u201eRorate\u201c hei\u00dft auf Deutsch \u201eTauet\u201c, und es ist das erste Wort der biblischen Bitte: \u201eTauet, Himmel, den Gerechten, Wolken, regnet ihn herab\u201c, mit dem das j\u00fcdische Volk in biblischer Zeit das Kommen des Messias, des g\u00f6ttlichen Erl\u00f6sers, erflehte.<\/p>\n<p><strong>Bu\u00dffeier zur inneren Vorbereitung auf Weihnachten<\/strong><\/p>\n<p>Sonntag, 13. Dezember, 18:00 Uhr in St. Maria, Berkheim<\/p>\n<p><strong>Musikalische Akzente im Advent und an Weihnachten<\/strong><\/p>\n<p>Bei Drucklegung stand noch nicht fest, wer welchen Gottesdienst mitgestalten wird. Doch die SCHOLA und CANTAMUS, die beiden Kantorinnen Carola Hausmann und Annette Weber, sowie noch weitere Solisten, wie auch die beiden Organisten Karl Martin und Martin Rauscher werden die Gottesdienste musikalisch vielf\u00e4ltig gestalten.<\/p>\n","protected":false},"excerpt":{"rendered":"<p>Entsprechend der gegenw\u00e4rtigen Zeit, wo wir mehr Zeit zu Hause verbringen, r\u00fccken wir alte Br\u00e4uche und deren Bedeutung f\u00fcr uns in den Mittelpunkt. Entdecken Sie mit uns, was diese Br\u00e4uche uns heute wieder sagen k\u00f6nnen: Sonntag, 29. November, 1. Advent, Wortgottesfeier mit Kommunion 10:30 Uhr, zum Thema \u201eBarbara\u201c \u00a0Sonntag, 06. Dezember, 2. Advent, Eucharistiefeier 9:00 &hellip; <\/p>\n<p class=\"link-more\"><a href=\"https:\/\/sankt-augustinus-esslingen.de\/?p=2395\" class=\"more-link\"><span class=\"screen-reader-text\">\u201eGottesdienste in St. Augustinus im Advent mit besonderen Akzenten\u201c <\/span>weiterlesen<\/a><\/p>\n","protected":false},"author":1,"featured_media":2078,"comment_status":"closed","ping_status":"open","sticky":false,"template":"","format":"standard","meta":{"footnotes":""},"categories":[4,14],"tags":[],"class_list":["post-2395","post","type-post","status-publish","format-standard","has-post-thumbnail","hentry","category-blickpunkt","category-gottesdienste"],"_links":{"self":[{"href":"https:\/\/sankt-augustinus-esslingen.de\/index.php?rest_route=\/wp\/v2\/posts\/2395","targetHints":{"allow":["GET"]}}],"collection":[{"href":"https:\/\/sankt-augustinus-esslingen.de\/index.php?rest_route=\/wp\/v2\/posts"}],"about":[{"href":"https:\/\/sankt-augustinus-esslingen.de\/index.php?rest_route=\/wp\/v2\/types\/post"}],"author":[{"embeddable":true,"href":"https:\/\/sankt-augustinus-esslingen.de\/index.php?rest_route=\/wp\/v2\/users\/1"}],"replies":[{"embeddable":true,"href":"https:\/\/sankt-augustinus-esslingen.de\/index.php?rest_route=%2Fwp%2Fv2%2Fcomments&post=2395"}],"version-history":[{"count":2,"href":"https:\/\/sankt-augustinus-esslingen.de\/index.php?rest_route=\/wp\/v2\/posts\/2395\/revisions"}],"predecessor-version":[{"id":2398,"href":"https:\/\/sankt-augustinus-esslingen.de\/index.php?rest_route=\/wp\/v2\/posts\/2395\/revisions\/2398"}],"wp:featuredmedia":[{"embeddable":true,"href":"https:\/\/sankt-augustinus-esslingen.de\/index.php?rest_route=\/wp\/v2\/media\/2078"}],"wp:attachment":[{"href":"https:\/\/sankt-augustinus-esslingen.de\/index.php?rest_route=%2Fwp%2Fv2%2Fmedia&parent=2395"}],"wp:term":[{"taxonomy":"category","embeddable":true,"href":"https:\/\/sankt-augustinus-esslingen.de\/index.php?rest_route=%2Fwp%2Fv2%2Fcategories&post=2395"},{"taxonomy":"post_tag","embeddable":true,"href":"https:\/\/sankt-augustinus-esslingen.de\/index.php?rest_route=%2Fwp%2Fv2%2Ftags&post=2395"}],"curies":[{"name":"wp","href":"https:\/\/api.w.org\/{rel}","templated":true}]}}