{"id":2381,"date":"2020-09-27T19:33:27","date_gmt":"2020-09-27T17:33:27","guid":{"rendered":"http:\/\/sankt-augustinus-esslingen.de\/?p=2381"},"modified":"2020-11-22T10:39:39","modified_gmt":"2020-11-22T09:39:39","slug":"licht-erfuellte-feier","status":"publish","type":"post","link":"https:\/\/sankt-augustinus-esslingen.de\/?p=2381","title":{"rendered":"Licht-erf\u00fcllte Feier"},"content":{"rendered":"<p>An zwei Sommerabenden haben wir zum Gang durch\u00a0das\u00a0Labyrinth eingeladen:<\/p>\n<p>mit \u00fcber 300 Lichtern war der Weg in die Mitte erleuchtet. Ein sch\u00f6ner Moment auch einfach nur\u00a0da zu sitzen und die vielen Lichter zu sehen. Begleitet von Gitarren- und Geigenmusik. Wer in der Mitte des Labyrinths ankam konnte\u00a0den wunderbaren Text lesen:<\/p>\n<p><strong>\u00a0<\/strong><strong>Mitten in mir liegt was ich suche: Freude an dem was ich bin.<\/strong><\/p>\n<p><strong>Mut zu dem was ich k\u00f6nnte. Gedanken an alles was war.<\/strong><\/p>\n<p><strong>Ein L\u00e4cheln f\u00fcr heute. Hoffnung f\u00fcr morgen.<\/strong><\/p>\n<p><em>Claudia Ebert<\/em><\/p>\n","protected":false},"excerpt":{"rendered":"<p>An zwei Sommerabenden haben wir zum Gang durch\u00a0das\u00a0Labyrinth eingeladen: mit \u00fcber 300 Lichtern war der Weg in die Mitte erleuchtet. Ein sch\u00f6ner Moment auch einfach nur\u00a0da zu sitzen und die vielen Lichter zu sehen. Begleitet von Gitarren- und Geigenmusik. Wer in der Mitte des Labyrinths ankam konnte\u00a0den wunderbaren Text lesen: \u00a0Mitten in mir liegt was &hellip; <\/p>\n<p class=\"link-more\"><a href=\"https:\/\/sankt-augustinus-esslingen.de\/?p=2381\" class=\"more-link\"><span class=\"screen-reader-text\">\u201eLicht-erf\u00fcllte Feier\u201c <\/span>weiterlesen<\/a><\/p>\n","protected":false},"author":1,"featured_media":2338,"comment_status":"closed","ping_status":"open","sticky":false,"template":"","format":"standard","meta":{"footnotes":""},"categories":[4],"tags":[],"class_list":["post-2381","post","type-post","status-publish","format-standard","has-post-thumbnail","hentry","category-blickpunkt"],"_links":{"self":[{"href":"https:\/\/sankt-augustinus-esslingen.de\/index.php?rest_route=\/wp\/v2\/posts\/2381","targetHints":{"allow":["GET"]}}],"collection":[{"href":"https:\/\/sankt-augustinus-esslingen.de\/index.php?rest_route=\/wp\/v2\/posts"}],"about":[{"href":"https:\/\/sankt-augustinus-esslingen.de\/index.php?rest_route=\/wp\/v2\/types\/post"}],"author":[{"embeddable":true,"href":"https:\/\/sankt-augustinus-esslingen.de\/index.php?rest_route=\/wp\/v2\/users\/1"}],"replies":[{"embeddable":true,"href":"https:\/\/sankt-augustinus-esslingen.de\/index.php?rest_route=%2Fwp%2Fv2%2Fcomments&post=2381"}],"version-history":[{"count":1,"href":"https:\/\/sankt-augustinus-esslingen.de\/index.php?rest_route=\/wp\/v2\/posts\/2381\/revisions"}],"predecessor-version":[{"id":2382,"href":"https:\/\/sankt-augustinus-esslingen.de\/index.php?rest_route=\/wp\/v2\/posts\/2381\/revisions\/2382"}],"wp:featuredmedia":[{"embeddable":true,"href":"https:\/\/sankt-augustinus-esslingen.de\/index.php?rest_route=\/wp\/v2\/media\/2338"}],"wp:attachment":[{"href":"https:\/\/sankt-augustinus-esslingen.de\/index.php?rest_route=%2Fwp%2Fv2%2Fmedia&parent=2381"}],"wp:term":[{"taxonomy":"category","embeddable":true,"href":"https:\/\/sankt-augustinus-esslingen.de\/index.php?rest_route=%2Fwp%2Fv2%2Fcategories&post=2381"},{"taxonomy":"post_tag","embeddable":true,"href":"https:\/\/sankt-augustinus-esslingen.de\/index.php?rest_route=%2Fwp%2Fv2%2Ftags&post=2381"}],"curies":[{"name":"wp","href":"https:\/\/api.w.org\/{rel}","templated":true}]}}