{"id":2359,"date":"2020-09-27T19:18:15","date_gmt":"2020-09-27T17:18:15","guid":{"rendered":"http:\/\/sankt-augustinus-esslingen.de\/?p=2359"},"modified":"2020-11-22T10:40:46","modified_gmt":"2020-11-22T09:40:46","slug":"gesamtkirchengemeinde-4","status":"publish","type":"post","link":"https:\/\/sankt-augustinus-esslingen.de\/?p=2359","title":{"rendered":"Gesamtkirchengemeinde"},"content":{"rendered":"<p><strong>Eucharistie und Stille<\/strong><\/p>\n<p>Eine schlichte Feier, im Chorraum des M\u00fcnsters St. Paul.<\/p>\n<p><strong>Donnerstag,<\/strong> <strong>15. Oktober<\/strong> <strong>und 19. November um 18:30 Uhr<\/strong>.<\/p>\n<p>&nbsp;<\/p>\n<p><strong>MittWoch \u2013 Eucharistische Anbetung in der Mitte der Woche<\/strong><\/p>\n<p><strong>Jeden Mittwoch von 18:00 bis 20:00 Uhr <\/strong>ist Eucharistische Anbetung im M\u00fcnster. Das hei\u00dft: Das eucharistische Brot wird in der Monstranz auf dem Altar ausgesetzt. Von 18:00 Uhr bis 19:00 Uhr wird die Anbetung mit Impulsen, Ges\u00e4ngen und Gebeten gestaltet, ab 19:00 Uhr ist stille Anbetung. Um 20:00 Uhr schlie\u00dft der \u201eMittWoch\u201c je mit dem Eucharistischen Segen. Sie k\u00f6nnen jederzeit w\u00e4hrend der Anbetungsstunden kommen oder auch gehen, so wie Sie Zeit haben.<\/p>\n<p><strong>\u00a0<\/strong><\/p>\n<p><strong>Sakrament der Vers\u00f6hnung <\/strong><\/p>\n<p><strong>im M\u00fcnster St. Paul<\/strong><strong><br \/>\n<\/strong>Die n\u00e4chsten M\u00f6glichkeiten zum seelsorglichen Gespr\u00e4ch und zum Sakrament der Vers\u00f6hnung (Beichte) immer samstags 16.30 \u2013 17.30 Uhr:<\/p>\n<table style=\"border-collapse: collapse; width: 100%; height: 182px;\">\n<tbody>\n<tr style=\"height: 25px;\">\n<td style=\"width: 50%; height: 25px;\">03. Oktober Pfarrer Eke<\/td>\n<td style=\"width: 50%; height: 25px;\">07. November Pfarrer Marx<\/td>\n<\/tr>\n<tr style=\"height: 25px;\">\n<td style=\"width: 50%; height: 25px;\">10. Oktober Pfarrer M\u00f6hler<\/td>\n<td style=\"width: 50%; height: 25px;\">14. November Pfarrer Eke<\/td>\n<\/tr>\n<tr style=\"height: 25px;\">\n<td style=\"width: 50%; height: 25px;\">17. Oktober Pfarrer Marx<\/td>\n<td style=\"width: 50%; height: 25px;\">21. November Pfarrer Marx<\/td>\n<\/tr>\n<tr style=\"height: 25px;\">\n<td style=\"width: 50%; height: 25px;\">24. Oktober Pfarrer M\u00f6hler<\/td>\n<td style=\"width: 50%; height: 25px;\">28. November Pfarrer Scheifele<\/td>\n<\/tr>\n<tr style=\"height: 25px;\">\n<td style=\"width: 50%; height: 25px;\">31. Oktober Pfarrer Scheifele<\/td>\n<td style=\"width: 50%; height: 25px;\"><\/td>\n<\/tr>\n<\/tbody>\n<\/table>\n<p><strong>Gottesdienst f\u00fcr\u00a0<\/strong><strong>Ehejubilare<\/strong><\/p>\n<p>Sonntag, 04. Oktober,\u00a019:00 Uhr<\/p>\n<p>im M\u00fcnster St. Paul.<\/p>\n<p><img loading=\"lazy\" decoding=\"async\" class=\"size-medium wp-image-2341 alignleft\" src=\"https:\/\/sankt-augustinus-esslingen.de\/wp-content\/uploads\/2020\/09\/ehejubilare-300x200.jpg\" alt=\"\" width=\"300\" height=\"200\" srcset=\"https:\/\/sankt-augustinus-esslingen.de\/wp-content\/uploads\/2020\/09\/ehejubilare-300x200.jpg 300w, https:\/\/sankt-augustinus-esslingen.de\/wp-content\/uploads\/2020\/09\/ehejubilare-768x512.jpg 768w, https:\/\/sankt-augustinus-esslingen.de\/wp-content\/uploads\/2020\/09\/ehejubilare.jpg 876w\" sizes=\"auto, (max-width: 300px) 100vw, 300px\" \/>Er steht unter dem Motto:\u00a0\u201eDas Miteinander feiern\u201c. \u00a0Der dankbare Blick auf das Miteinander in der Ehe begleitet uns durch den Gottesdienst, an dessen Ende alle Paare eingeladen sind, einander pers\u00f6nlich einen Segen zusprechen zu lassen. Er wird gestaltet von Dekanatsreferentin Barbara Strifler und Pfarrer Stefan M\u00f6hler.<\/p>\n<p>Egal, ob Sie 1, 5, 7, 10, 25 oder 50 Jahre verheiratet sind oder auch eine ganz ungerade Zahl von gemeinsamen Jahren haben \u2013 alle Paare sind zu diesem besonderen Gottesdienst herzlich willkommen!<\/p>\n<p>&nbsp;<\/p>\n<p><strong><img loading=\"lazy\" decoding=\"async\" class=\"alignnone wp-image-2342 size-full\" src=\"https:\/\/sankt-augustinus-esslingen.de\/wp-content\/uploads\/2020\/09\/musikalisches-abendgebet.jpg\" alt=\"\" width=\"1326\" height=\"937\" srcset=\"https:\/\/sankt-augustinus-esslingen.de\/wp-content\/uploads\/2020\/09\/musikalisches-abendgebet.jpg 1326w, https:\/\/sankt-augustinus-esslingen.de\/wp-content\/uploads\/2020\/09\/musikalisches-abendgebet-300x212.jpg 300w, https:\/\/sankt-augustinus-esslingen.de\/wp-content\/uploads\/2020\/09\/musikalisches-abendgebet-1024x724.jpg 1024w, https:\/\/sankt-augustinus-esslingen.de\/wp-content\/uploads\/2020\/09\/musikalisches-abendgebet-768x543.jpg 768w, https:\/\/sankt-augustinus-esslingen.de\/wp-content\/uploads\/2020\/09\/musikalisches-abendgebet-1320x933.jpg 1320w\" sizes=\"auto, (max-width: 767px) 89vw, (max-width: 1000px) 54vw, (max-width: 1071px) 543px, 580px\" \/><\/strong><\/p>\n<p><strong>Frauenfr\u00fchst\u00fcck f\u00fcr Leib und Seele <\/strong><\/p>\n<p><strong>Samstag 17. Oktober 2020<\/strong>, 9:00-11:30 Uhr, im Salemer Pfleghof, Untere Beutau 8-10, Kosten: 8,00 \u20ac.<\/p>\n<p>Die Referentin Frau Dr. Beate Weingardt aus T\u00fcbingen wird referieren zum Thema \u201eWas uns zum Bl\u00fchen bringt \u2013 Wert-sch\u00e4tzung\u201c. Und vielleicht ist es uns auch m\u00f6glich den Teilnehmerinnen ein Fr\u00fchst\u00fcck anzubieten. Veranstalter: Kath. Gesamtkirchengemeinde Esslingen in Zusammenarbeit mit der keb Kath. Erwachsenenbildung im Landkreis Esslingen e.V., Anmeldung bis 12. Oktober:<\/p>\n<p>keb \u2013 Esslingen, Tel. 0711 &#8211; 38 21 74 oder info@keb-esslingen.de<\/p>\n","protected":false},"excerpt":{"rendered":"<p>Eucharistie und Stille Eine schlichte Feier, im Chorraum des M\u00fcnsters St. Paul. Donnerstag, 15. Oktober und 19. November um 18:30 Uhr. &nbsp; MittWoch \u2013 Eucharistische Anbetung in der Mitte der Woche Jeden Mittwoch von 18:00 bis 20:00 Uhr ist Eucharistische Anbetung im M\u00fcnster. Das hei\u00dft: Das eucharistische Brot wird in der Monstranz auf dem Altar &hellip; <\/p>\n<p class=\"link-more\"><a href=\"https:\/\/sankt-augustinus-esslingen.de\/?p=2359\" class=\"more-link\"><span class=\"screen-reader-text\">\u201eGesamtkirchengemeinde\u201c <\/span>weiterlesen<\/a><\/p>\n","protected":false},"author":1,"featured_media":1191,"comment_status":"closed","ping_status":"open","sticky":false,"template":"","format":"standard","meta":{"footnotes":""},"categories":[4],"tags":[],"class_list":["post-2359","post","type-post","status-publish","format-standard","has-post-thumbnail","hentry","category-blickpunkt"],"_links":{"self":[{"href":"https:\/\/sankt-augustinus-esslingen.de\/index.php?rest_route=\/wp\/v2\/posts\/2359","targetHints":{"allow":["GET"]}}],"collection":[{"href":"https:\/\/sankt-augustinus-esslingen.de\/index.php?rest_route=\/wp\/v2\/posts"}],"about":[{"href":"https:\/\/sankt-augustinus-esslingen.de\/index.php?rest_route=\/wp\/v2\/types\/post"}],"author":[{"embeddable":true,"href":"https:\/\/sankt-augustinus-esslingen.de\/index.php?rest_route=\/wp\/v2\/users\/1"}],"replies":[{"embeddable":true,"href":"https:\/\/sankt-augustinus-esslingen.de\/index.php?rest_route=%2Fwp%2Fv2%2Fcomments&post=2359"}],"version-history":[{"count":2,"href":"https:\/\/sankt-augustinus-esslingen.de\/index.php?rest_route=\/wp\/v2\/posts\/2359\/revisions"}],"predecessor-version":[{"id":2361,"href":"https:\/\/sankt-augustinus-esslingen.de\/index.php?rest_route=\/wp\/v2\/posts\/2359\/revisions\/2361"}],"wp:featuredmedia":[{"embeddable":true,"href":"https:\/\/sankt-augustinus-esslingen.de\/index.php?rest_route=\/wp\/v2\/media\/1191"}],"wp:attachment":[{"href":"https:\/\/sankt-augustinus-esslingen.de\/index.php?rest_route=%2Fwp%2Fv2%2Fmedia&parent=2359"}],"wp:term":[{"taxonomy":"category","embeddable":true,"href":"https:\/\/sankt-augustinus-esslingen.de\/index.php?rest_route=%2Fwp%2Fv2%2Fcategories&post=2359"},{"taxonomy":"post_tag","embeddable":true,"href":"https:\/\/sankt-augustinus-esslingen.de\/index.php?rest_route=%2Fwp%2Fv2%2Ftags&post=2359"}],"curies":[{"name":"wp","href":"https:\/\/api.w.org\/{rel}","templated":true}]}}