{"id":2249,"date":"2020-07-11T19:15:45","date_gmt":"2020-07-11T17:15:45","guid":{"rendered":"http:\/\/sankt-augustinus-esslingen.de\/?p=2249"},"modified":"2020-09-27T19:37:05","modified_gmt":"2020-09-27T17:37:05","slug":"haus-der-katholischen-kirche-am-marktplatz-6","status":"publish","type":"post","link":"https:\/\/sankt-augustinus-esslingen.de\/?p=2249","title":{"rendered":"Haus der Katholischen Kirche am Marktplatz 6"},"content":{"rendered":"<p><strong>Haus der Katholischen Kirche am Marktplatz 6 \u2013 <\/strong><strong>wie geht es weiter? <\/strong><\/p>\n<p>Anfang des Jahres haben wir berichtet: Die Katholische Kirche Esslingen hat<\/p>\n<p>das EZ- Haus gekauft! Es soll saniert und umgebaut und mit neuem, attraktivem Konzept als \u201eHaus der Katholischen Kirche Esslingen\u201c neben dem M\u00fcnster<\/p>\n<p>St. Paul betrieben werden. Der Arbeitskreis, der den Umbau und die Neukon-zeption begleitet, hat seine Arbeit aufgenommen! Und dann? Dann kam Corona. Wie so vieles, ruhte auch die Arbeit an unserem Haus am Marktplatz 6.<\/p>\n<p>Doch ab Ende Mai konnten Gremien und Kreise wieder zusammenkommen.<\/p>\n<p>Als erste wichtige Entscheidung w\u00e4hlte der Gesch\u00e4ftsf\u00fchrende Ausschuss der Gesamtkirchengemeinde zusammen mit dem Arbeitskreis \u201eHaus der Katholi-schen Kirche\u201c den Architekten aus, der Sanierung und Umbau des Hauses f\u00fcr uns durchf\u00fchrt. Einige B\u00fcros waren um erste Skizzen f\u00fcr den Umbau gebeten worden.<\/p>\n<p>Am \u00dcberzeugendsten waren f\u00fcr das Gremium die Ideen des Architekturb\u00fcros Habrik aus Esslingen. Sie erhielten den Auftrag und sind nun schon dabei, zusammen mit Fachplanern das Konzept f\u00fcr Sanierung und Umbau genehmigungsfertig zusammenzustellen.<\/p>\n<p>Eine besondere Herausforderung f\u00fcr sie ist dabei unser Wunsch, das Haus m\u00f6glichst weitgehend barrierefrei zu gestalten. Dies ist in zufriedenstellender Weise nur durch den Einbau eines Aufzugs zu verwirklichen. Hierf\u00fcr im bestehenden Geb\u00e4ude eine technisch funktionierende, dem Nutzungskonzept dienliche L\u00f6sung zu finden, die dann auch noch f\u00fcr die Gesamtkirchengemeinde bezahlbar ist \u2013 das ist wahrlich keine einfache Aufgabe. Wir sind gespannt!<\/p>\n<p>Weiterhin arbeitet der Arbeitskreis \u201eHaus der Katholischen Kirche\u201c am Nutzungskonzept, vor allem f\u00fcr das Erdgeschoss, das durch die gro\u00dfen Fenster einladend zum Marktplatz ge\u00f6ffnet ist. Hier streben wir eine Einrichtung an, die eine vielf\u00e4ltige Nutzung m\u00f6glich macht und vor allem auch attraktiv ist f\u00fcr Menschen, die den Weg in unsere herk\u00f6mmlichen Gemeindeh\u00e4user und Pfarrb\u00fcros nicht mehr finden.<\/p>\n<p>Weiterhin ist der Arbeitskreis offen f\u00fcr interessierte Gemeindemitglieder, die unser neues Haus mitgestalten m\u00f6chten. Bitte melden Sie sich bei Interesse unverbindlich bei Pfarrer Stefan M\u00f6hler oder Pastoralreferent Raphael Maier.<\/p>\n<p>Und nat\u00fcrlich freuen wir uns \u00fcber die Unterst\u00fctzung durch eine Spende! Auf den ersten Aufruf hin haben uns schon erste gro\u00dfz\u00fcgige Spenden erreicht, f\u00fcr die wir sehr dankbar sind. Sie sind wichtige Bausteine dazu, dass unser neues Haus eine gute und einladende Adresse der Katholischen Kirche in Esslingen wird.<\/p>\n<p><em>Pfarrer Stefan M\u00f6hler<\/em><\/p>\n<p><em>Sie m\u00f6chten das Projekt mit einer Spende unterst\u00fctzen? Dann freuen wir uns \u00fcber Ihre \u00dcberweisung mit dem Verwendungszweck \u201eHaus der Katholischen Kirche Esslingen\u201c auf das Konto der Katholischen Gesamtkirchengemeinde Esslingen, <\/em>IBAN: <strong>DE08 6115 0020 0<\/strong><strong>103 1655 05<\/strong><\/p>\n","protected":false},"excerpt":{"rendered":"<p>Haus der Katholischen Kirche am Marktplatz 6 \u2013 wie geht es weiter? Anfang des Jahres haben wir berichtet: Die Katholische Kirche Esslingen hat das EZ- Haus gekauft! Es soll saniert und umgebaut und mit neuem, attraktivem Konzept als \u201eHaus der Katholischen Kirche Esslingen\u201c neben dem M\u00fcnster St. Paul betrieben werden. Der Arbeitskreis, der den Umbau &hellip; <\/p>\n<p class=\"link-more\"><a href=\"https:\/\/sankt-augustinus-esslingen.de\/?p=2249\" class=\"more-link\"><span class=\"screen-reader-text\">\u201eHaus der Katholischen Kirche am Marktplatz 6\u201c <\/span>weiterlesen<\/a><\/p>\n","protected":false},"author":1,"featured_media":2243,"comment_status":"closed","ping_status":"open","sticky":false,"template":"","format":"standard","meta":{"footnotes":""},"categories":[4],"tags":[],"class_list":["post-2249","post","type-post","status-publish","format-standard","has-post-thumbnail","hentry","category-blickpunkt"],"_links":{"self":[{"href":"https:\/\/sankt-augustinus-esslingen.de\/index.php?rest_route=\/wp\/v2\/posts\/2249","targetHints":{"allow":["GET"]}}],"collection":[{"href":"https:\/\/sankt-augustinus-esslingen.de\/index.php?rest_route=\/wp\/v2\/posts"}],"about":[{"href":"https:\/\/sankt-augustinus-esslingen.de\/index.php?rest_route=\/wp\/v2\/types\/post"}],"author":[{"embeddable":true,"href":"https:\/\/sankt-augustinus-esslingen.de\/index.php?rest_route=\/wp\/v2\/users\/1"}],"replies":[{"embeddable":true,"href":"https:\/\/sankt-augustinus-esslingen.de\/index.php?rest_route=%2Fwp%2Fv2%2Fcomments&post=2249"}],"version-history":[{"count":2,"href":"https:\/\/sankt-augustinus-esslingen.de\/index.php?rest_route=\/wp\/v2\/posts\/2249\/revisions"}],"predecessor-version":[{"id":2251,"href":"https:\/\/sankt-augustinus-esslingen.de\/index.php?rest_route=\/wp\/v2\/posts\/2249\/revisions\/2251"}],"wp:featuredmedia":[{"embeddable":true,"href":"https:\/\/sankt-augustinus-esslingen.de\/index.php?rest_route=\/wp\/v2\/media\/2243"}],"wp:attachment":[{"href":"https:\/\/sankt-augustinus-esslingen.de\/index.php?rest_route=%2Fwp%2Fv2%2Fmedia&parent=2249"}],"wp:term":[{"taxonomy":"category","embeddable":true,"href":"https:\/\/sankt-augustinus-esslingen.de\/index.php?rest_route=%2Fwp%2Fv2%2Fcategories&post=2249"},{"taxonomy":"post_tag","embeddable":true,"href":"https:\/\/sankt-augustinus-esslingen.de\/index.php?rest_route=%2Fwp%2Fv2%2Ftags&post=2249"}],"curies":[{"name":"wp","href":"https:\/\/api.w.org\/{rel}","templated":true}]}}