{"id":2086,"date":"2020-03-21T12:44:50","date_gmt":"2020-03-21T11:44:50","guid":{"rendered":"http:\/\/sankt-augustinus-esslingen.de\/?p=2086"},"modified":"2020-05-10T10:45:59","modified_gmt":"2020-05-10T08:45:59","slug":"rueckblick","status":"publish","type":"post","link":"https:\/\/sankt-augustinus-esslingen.de\/?p=2086","title":{"rendered":"R\u00fcckblick"},"content":{"rendered":"<p><strong>Wir haben Abschied nehmen m\u00fcssen von Inge Reinhold.<\/strong><\/p>\n<p>Tr\u00e4gerin des Elisabethenordens<\/p>\n<p>Unsere Gedanken reichen zur\u00fcck und in unserer Erinnerung wird lebendig bleiben, was sie an und in unserer Gemeinde St. Augustinus und auch in der Gesamtkirche Esslingen getan hat. Ob als langj\u00e4hrige Kirchengemeinder\u00e4tin<\/p>\n<p>oder als Vorsitzende der KAB, ob als Mitglied der Caritas im Dekanat Esslingen \u2013N\u00fcrtingen oder der Caritas Neckar-Alb, ob als Mitglied des Gesamtkirchen-gemeinderates oder in der \u00d6kumene. Ob beim Gemeindefest in St. Augustinus, oder in der Vesperkirche, um nur eines von vielen Beispielen zu nennen, niemand ging unversorgt nach Hause.<\/p>\n<p>Inge Reinhold, sie stand ihre Frau in den st\u00fcrmischen wie auch in ruhigeren Zeiten. Bei ihrer Person denken wir auch nochmals an ihren vor 5 Jahren verstorbenen Mann G\u00fcnther. Er war ihr \u201eChauffeur\u201c und machte erst vieles m\u00f6glich.<\/p>\n<p>Bereits in den vergangenen Jahren verschlechterte sich ihr Gesundheitszustand immer mehr. Sie schien sich zwischenzeitlich wieder erholt zu haben. Doch es war die Ruhe vor dem letzten Sturm. Und die Krankheit schlug heftiger zu als zuvor.<\/p>\n<p>Immer hatte ihr Handeln Gott und den Menschen im Blick. Sie lebte Solidarit\u00e4t zu den Armen und Hilfesuchenden. Sie engagierte sich vielf\u00e4ltig und trug viele Entscheidungen mit.<\/p>\n<p>Inge Reinhold sagen wir &#8211; Kirchengemeinde mit dem Seelsorger vor Ort, sowie Gesamtkirchengemeinde mit dem leitenden Pfarrer Stefan M\u00f6hler &#8211; Dank f\u00fcr Ihr Wirken durch ihr unerm\u00fcdliches Handeln. Beschenkt sagen wir ein herzliches Vergelt \u0301s Gott \u2013 m\u00f6ge Sie bei Ihrem Sch\u00f6pfer ihr ewiges Leben gefunden haben.<\/p>\n<p><em>Peter G. Marx, Pfarrer<\/em><\/p>\n","protected":false},"excerpt":{"rendered":"<p>Wir haben Abschied nehmen m\u00fcssen von Inge Reinhold. Tr\u00e4gerin des Elisabethenordens Unsere Gedanken reichen zur\u00fcck und in unserer Erinnerung wird lebendig bleiben, was sie an und in unserer Gemeinde St. Augustinus und auch in der Gesamtkirche Esslingen getan hat. Ob als langj\u00e4hrige Kirchengemeinder\u00e4tin oder als Vorsitzende der KAB, ob als Mitglied der Caritas im Dekanat &hellip; <\/p>\n<p class=\"link-more\"><a href=\"https:\/\/sankt-augustinus-esslingen.de\/?p=2086\" class=\"more-link\"><span class=\"screen-reader-text\">\u201eR\u00fcckblick\u201c <\/span>weiterlesen<\/a><\/p>\n","protected":false},"author":1,"featured_media":2087,"comment_status":"closed","ping_status":"open","sticky":false,"template":"","format":"standard","meta":{"footnotes":""},"categories":[4,11,3],"tags":[],"class_list":["post-2086","post","type-post","status-publish","format-standard","has-post-thumbnail","hentry","category-blickpunkt","category-gemeinde","category-kirchengemeinderat"],"_links":{"self":[{"href":"https:\/\/sankt-augustinus-esslingen.de\/index.php?rest_route=\/wp\/v2\/posts\/2086","targetHints":{"allow":["GET"]}}],"collection":[{"href":"https:\/\/sankt-augustinus-esslingen.de\/index.php?rest_route=\/wp\/v2\/posts"}],"about":[{"href":"https:\/\/sankt-augustinus-esslingen.de\/index.php?rest_route=\/wp\/v2\/types\/post"}],"author":[{"embeddable":true,"href":"https:\/\/sankt-augustinus-esslingen.de\/index.php?rest_route=\/wp\/v2\/users\/1"}],"replies":[{"embeddable":true,"href":"https:\/\/sankt-augustinus-esslingen.de\/index.php?rest_route=%2Fwp%2Fv2%2Fcomments&post=2086"}],"version-history":[{"count":1,"href":"https:\/\/sankt-augustinus-esslingen.de\/index.php?rest_route=\/wp\/v2\/posts\/2086\/revisions"}],"predecessor-version":[{"id":2088,"href":"https:\/\/sankt-augustinus-esslingen.de\/index.php?rest_route=\/wp\/v2\/posts\/2086\/revisions\/2088"}],"wp:featuredmedia":[{"embeddable":true,"href":"https:\/\/sankt-augustinus-esslingen.de\/index.php?rest_route=\/wp\/v2\/media\/2087"}],"wp:attachment":[{"href":"https:\/\/sankt-augustinus-esslingen.de\/index.php?rest_route=%2Fwp%2Fv2%2Fmedia&parent=2086"}],"wp:term":[{"taxonomy":"category","embeddable":true,"href":"https:\/\/sankt-augustinus-esslingen.de\/index.php?rest_route=%2Fwp%2Fv2%2Fcategories&post=2086"},{"taxonomy":"post_tag","embeddable":true,"href":"https:\/\/sankt-augustinus-esslingen.de\/index.php?rest_route=%2Fwp%2Fv2%2Ftags&post=2086"}],"curies":[{"name":"wp","href":"https:\/\/api.w.org\/{rel}","templated":true}]}}