{"id":2021,"date":"2019-10-20T11:23:21","date_gmt":"2019-10-20T09:23:21","guid":{"rendered":"http:\/\/sankt-augustinus-esslingen.de\/?p=2021"},"modified":"2020-03-21T12:59:08","modified_gmt":"2020-03-21T11:59:08","slug":"in-aller-kuerze-5","status":"publish","type":"post","link":"https:\/\/sankt-augustinus-esslingen.de\/?p=2021","title":{"rendered":"In aller K\u00fcrze"},"content":{"rendered":"<p><strong>*<\/strong> <strong>Erstkommunionvorbereitung &#8211; Gebetspatenschaften f\u00fcr die M\u00e4dchen und Jungen \u00fcbernehmen. <\/strong>Es ist ein wertvoller Brauch f\u00fcreinander zu beten. F\u00fcr die M\u00e4dchen und Jungen und ihre Familien beginnt mit der Vorbereitung auf die Erstkommunion eine besondere Zeit. Ich m\u00f6chte Sie herzlich einladen nach dem Gottesdienst am 1. Advent einen Namen zu ziehen und dieses Kind und seine Familie in dieser Zeit im Gebet zu begleiten. <em>Gabriele Fischer, GRin<\/em><\/p>\n<p><strong>*Erntedankaltar \u2013 Gaben f\u00fcr Carisatt: <\/strong>Dem Engagement von Frau Maser und von Frau Cipa, sowie allen Spenderinnen und Spendern, insbesondere die von Frau Rapp vom Weiler Hofladen und von REWE ist es zu verdanken, dass es auch in diesem Jahr wieder einen reichbest\u00fcckten Erntedankaltar gab.<\/p>\n<p>Alle Gaben wurden an Carisatt, den Tafelladen in Esslingen, weitergegeben. Etwa 3000 Personen k\u00f6nnen sich aus diesem Angebot mit versorgen. &#8211; In diesem Zusammenhang m\u00f6chten wir nochmals auf die gr\u00fcne Kiste hinweisen, die in unserer Kirche steht, in die haltbare verpackte Lebensmittel gelegt werden k\u00f6nnen. Diese Gaben werden an Carisatt weitergegeben.<\/p>\n<p><strong>*<\/strong>Alle Informationen zum <strong>Lebendigen Adventskalender <\/strong>stehen im n\u00e4chsten Gemeindebrief, der eine \u00f6kumenische Ausgabe sein wird!<\/p>\n<p><strong>*<\/strong>Am Samstag vor dem 3. Advent findet wieder ein<strong> Christbaumverkauf <\/strong>statt!<\/p>\n","protected":false},"excerpt":{"rendered":"<p>* Erstkommunionvorbereitung &#8211; Gebetspatenschaften f\u00fcr die M\u00e4dchen und Jungen \u00fcbernehmen. Es ist ein wertvoller Brauch f\u00fcreinander zu beten. F\u00fcr die M\u00e4dchen und Jungen und ihre Familien beginnt mit der Vorbereitung auf die Erstkommunion eine besondere Zeit. Ich m\u00f6chte Sie herzlich einladen nach dem Gottesdienst am 1. Advent einen Namen zu ziehen und dieses Kind und &hellip; <\/p>\n<p class=\"link-more\"><a href=\"https:\/\/sankt-augustinus-esslingen.de\/?p=2021\" class=\"more-link\"><span class=\"screen-reader-text\">\u201eIn aller K\u00fcrze\u201c <\/span>weiterlesen<\/a><\/p>\n","protected":false},"author":1,"featured_media":0,"comment_status":"closed","ping_status":"open","sticky":false,"template":"","format":"standard","meta":{"footnotes":""},"categories":[4],"tags":[],"class_list":["post-2021","post","type-post","status-publish","format-standard","hentry","category-blickpunkt"],"_links":{"self":[{"href":"https:\/\/sankt-augustinus-esslingen.de\/index.php?rest_route=\/wp\/v2\/posts\/2021","targetHints":{"allow":["GET"]}}],"collection":[{"href":"https:\/\/sankt-augustinus-esslingen.de\/index.php?rest_route=\/wp\/v2\/posts"}],"about":[{"href":"https:\/\/sankt-augustinus-esslingen.de\/index.php?rest_route=\/wp\/v2\/types\/post"}],"author":[{"embeddable":true,"href":"https:\/\/sankt-augustinus-esslingen.de\/index.php?rest_route=\/wp\/v2\/users\/1"}],"replies":[{"embeddable":true,"href":"https:\/\/sankt-augustinus-esslingen.de\/index.php?rest_route=%2Fwp%2Fv2%2Fcomments&post=2021"}],"version-history":[{"count":1,"href":"https:\/\/sankt-augustinus-esslingen.de\/index.php?rest_route=\/wp\/v2\/posts\/2021\/revisions"}],"predecessor-version":[{"id":2022,"href":"https:\/\/sankt-augustinus-esslingen.de\/index.php?rest_route=\/wp\/v2\/posts\/2021\/revisions\/2022"}],"wp:attachment":[{"href":"https:\/\/sankt-augustinus-esslingen.de\/index.php?rest_route=%2Fwp%2Fv2%2Fmedia&parent=2021"}],"wp:term":[{"taxonomy":"category","embeddable":true,"href":"https:\/\/sankt-augustinus-esslingen.de\/index.php?rest_route=%2Fwp%2Fv2%2Fcategories&post=2021"},{"taxonomy":"post_tag","embeddable":true,"href":"https:\/\/sankt-augustinus-esslingen.de\/index.php?rest_route=%2Fwp%2Fv2%2Ftags&post=2021"}],"curies":[{"name":"wp","href":"https:\/\/api.w.org\/{rel}","templated":true}]}}