{"id":1971,"date":"2019-10-20T10:40:34","date_gmt":"2019-10-20T08:40:34","guid":{"rendered":"http:\/\/sankt-augustinus-esslingen.de\/?p=1971"},"modified":"2020-03-21T12:57:11","modified_gmt":"2020-03-21T11:57:11","slug":"kalenderblatt-november-2019","status":"publish","type":"post","link":"https:\/\/sankt-augustinus-esslingen.de\/?p=1971","title":{"rendered":"Kalenderblatt  November 2019"},"content":{"rendered":"<table style=\"width: 100%; height: 311px;\">\n<tbody>\n<tr style=\"height: 50px;\">\n<td style=\"height: 10px; width: 99.6094px; text-align: center;\"><strong>Tag<\/strong><\/td>\n<td style=\"height: 10px; width: 84.2188px; text-align: center;\"><strong>Uhrzeit<\/strong><\/td>\n<td style=\"height: 10px; width: 366.609px; text-align: center;\"><strong>Veranstaltung<\/strong><\/td>\n<\/tr>\n<tr style=\"height: 140px;\">\n<td style=\"height: 10px; width: 99.6094px;\">montags<\/td>\n<td style=\"height: 10px; width: 84.2188px; text-align: right;\">15:30<br \/>\n16:30<br \/>\n19:45<br \/>\n20:00<\/td>\n<td style=\"height: 10px; width: 366.609px;\">Gymnastik f\u00fcr Senior*innen im Gde-saal<br \/>\nGymnastik f\u00fcr Frauen im Gemeindesaal<br \/>\nTischtennis im Gemeindesaal<br \/>\nM\u00e4nnersport in der Eichendorffschule<\/td>\n<\/tr>\n<tr style=\"height: 25px;\">\n<td style=\"width: 99.6094px; height: 25px;\">mittwochs<\/td>\n<td style=\"width: 84.2188px; text-align: right; height: 25px;\">14.00<\/td>\n<td style=\"width: 366.609px; height: 25px;\">\u00a0Krabbelgruppe im Seniorenraum (im UG)<\/td>\n<\/tr>\n<tr style=\"height: 99px;\">\n<td style=\"height: 10px; width: 99.6094px;\">donnerstags<\/td>\n<td style=\"height: 10px; width: 84.2188px; text-align: right;\">18:30<br \/>\n19:30<\/td>\n<td style=\"height: 10px; width: 366.609px;\">Schola (in St. Augustinus)<br \/>\nKirchenchorprobe (in St. Maria Berkheim)<\/td>\n<\/tr>\n<tr style=\"height: 49px;\">\n<td style=\"height: 10px; width: 99.6094px;\">freitags<\/td>\n<td style=\"height: 10px; width: 84.2188px; text-align: right;\">17:30<\/td>\n<td style=\"height: 10px; width: 366.609px;\">Walk-Treff an der Bushaltestelle Mutzenreisstra\u00dfe<\/td>\n<\/tr>\n<tr>\n<td style=\"width: 99.6094px;\">Sa 02. November<\/td>\n<td style=\"width: 84.2188px; text-align: right;\">17:00<\/td>\n<td style=\"width: 366.609px;\">Kinonacht<\/td>\n<\/tr>\n<tr style=\"height: 49px;\">\n<td style=\"height: 10px; width: 99.6094px;\">Die 05. November<\/td>\n<td style=\"height: 10px; width: 84.2188px; text-align: right;\">14:30<\/td>\n<td style=\"height: 10px; width: 366.609px;\">Seniorennachmittag, ev. Christuskirche<\/td>\n<\/tr>\n<tr style=\"height: 51px;\">\n<td style=\"width: 99.6094px; height: 51px;\">So 10. November<\/td>\n<td style=\"width: 84.2188px; text-align: right; height: 51px;\">17:00<\/td>\n<td style=\"width: 366.609px; height: 51px;\">Auftakt Erstkommunion<\/td>\n<\/tr>\n<tr style=\"height: 86px;\">\n<td style=\"width: 99.6094px; height: 86px;\">Die 12. November<\/td>\n<td style=\"width: 84.2188px; text-align: right; height: 86px;\">19:30<\/p>\n<p>20:00<\/td>\n<td style=\"width: 366.609px; height: 86px;\">Pr\u00e4vention Sex. Missbrauch im GZ St. Albertus f\u00fcr alle die Kontakt mit Kindern und Jugendlichen haben<br \/>\nElternabend Erstkommunion<\/td>\n<\/tr>\n<tr style=\"height: 99px;\">\n<td style=\"width: 99.6094px; height: 99px;\">Mi. 13. November<\/td>\n<td style=\"width: 84.2188px; text-align: right; height: 99px;\">12:30<\/p>\n<p>20:00<\/td>\n<td style=\"width: 366.609px; height: 99px;\">Senioreneinkehrtag, GH und Kirche St. Aug.<\/p>\n<p>KGR-Sitzung im Gemeindesaal<\/td>\n<\/tr>\n<\/tbody>\n<\/table>\n<p>&nbsp;<\/p>\n","protected":false},"excerpt":{"rendered":"<p>Tag Uhrzeit Veranstaltung montags 15:30 16:30 19:45 20:00 Gymnastik f\u00fcr Senior*innen im Gde-saal Gymnastik f\u00fcr Frauen im Gemeindesaal Tischtennis im Gemeindesaal M\u00e4nnersport in der Eichendorffschule mittwochs 14.00 \u00a0Krabbelgruppe im Seniorenraum (im UG) donnerstags 18:30 19:30 Schola (in St. Augustinus) Kirchenchorprobe (in St. Maria Berkheim) freitags 17:30 Walk-Treff an der Bushaltestelle Mutzenreisstra\u00dfe Sa 02. November 17:00 &hellip; <\/p>\n<p class=\"link-more\"><a href=\"https:\/\/sankt-augustinus-esslingen.de\/?p=1971\" class=\"more-link\"><span class=\"screen-reader-text\">\u201eKalenderblatt  November 2019\u201c <\/span>weiterlesen<\/a><\/p>\n","protected":false},"author":1,"featured_media":1245,"comment_status":"closed","ping_status":"open","sticky":false,"template":"","format":"standard","meta":{"footnotes":""},"categories":[5,4],"tags":[],"class_list":["post-1971","post","type-post","status-publish","format-standard","has-post-thumbnail","hentry","category-aktuelles","category-blickpunkt"],"_links":{"self":[{"href":"https:\/\/sankt-augustinus-esslingen.de\/index.php?rest_route=\/wp\/v2\/posts\/1971","targetHints":{"allow":["GET"]}}],"collection":[{"href":"https:\/\/sankt-augustinus-esslingen.de\/index.php?rest_route=\/wp\/v2\/posts"}],"about":[{"href":"https:\/\/sankt-augustinus-esslingen.de\/index.php?rest_route=\/wp\/v2\/types\/post"}],"author":[{"embeddable":true,"href":"https:\/\/sankt-augustinus-esslingen.de\/index.php?rest_route=\/wp\/v2\/users\/1"}],"replies":[{"embeddable":true,"href":"https:\/\/sankt-augustinus-esslingen.de\/index.php?rest_route=%2Fwp%2Fv2%2Fcomments&post=1971"}],"version-history":[{"count":1,"href":"https:\/\/sankt-augustinus-esslingen.de\/index.php?rest_route=\/wp\/v2\/posts\/1971\/revisions"}],"predecessor-version":[{"id":1972,"href":"https:\/\/sankt-augustinus-esslingen.de\/index.php?rest_route=\/wp\/v2\/posts\/1971\/revisions\/1972"}],"wp:featuredmedia":[{"embeddable":true,"href":"https:\/\/sankt-augustinus-esslingen.de\/index.php?rest_route=\/wp\/v2\/media\/1245"}],"wp:attachment":[{"href":"https:\/\/sankt-augustinus-esslingen.de\/index.php?rest_route=%2Fwp%2Fv2%2Fmedia&parent=1971"}],"wp:term":[{"taxonomy":"category","embeddable":true,"href":"https:\/\/sankt-augustinus-esslingen.de\/index.php?rest_route=%2Fwp%2Fv2%2Fcategories&post=1971"},{"taxonomy":"post_tag","embeddable":true,"href":"https:\/\/sankt-augustinus-esslingen.de\/index.php?rest_route=%2Fwp%2Fv2%2Ftags&post=1971"}],"curies":[{"name":"wp","href":"https:\/\/api.w.org\/{rel}","templated":true}]}}