{"id":1968,"date":"2019-10-20T10:23:12","date_gmt":"2019-10-20T08:23:12","guid":{"rendered":"http:\/\/sankt-augustinus-esslingen.de\/?p=1968"},"modified":"2020-03-21T12:57:05","modified_gmt":"2020-03-21T11:57:05","slug":"gottesdienste-vom-27-oktober-bis-1-dezember-2019","status":"publish","type":"post","link":"https:\/\/sankt-augustinus-esslingen.de\/?p=1968","title":{"rendered":"Gottesdienste vom 27. Oktober bis 1. Dezember 2019"},"content":{"rendered":"<table style=\"width: 100%; height: 259px;\">\n<tbody>\n<tr style=\"height: 25px;\">\n<td style=\"width: 19.4828%; height: 25px;\"><strong>Tag<\/strong><\/td>\n<td style=\"width: 12.7586%; height: 25px;\"><strong>Uhrzeit<\/strong><\/td>\n<td style=\"width: 67.5862%; height: 25px;\"><\/td>\n<\/tr>\n<tr style=\"height: 18px;\">\n<td style=\"width: 19.4828%; height: 18px;\">Sonntag 27. Oktober<\/td>\n<td style=\"width: 12.7586%; text-align: right; height: 18px;\">18.00<\/td>\n<td style=\"width: 67.5862%; height: 18px;\">\u00a0Rosenkranzandacht<\/td>\n<\/tr>\n<tr style=\"height: 10px;\">\n<td style=\"width: 19.4828%; height: 10px;\">Freitag, 1. November<\/td>\n<td style=\"width: 12.7586%; text-align: right; height: 10px;\">10:30<br \/>\n15.00<\/td>\n<td style=\"width: 67.5862%; height: 10px;\">\u00a0Eucharistiefeier<br \/>\nAndacht auf dem Pliensaufriedhof<\/td>\n<\/tr>\n<tr style=\"height: 51px;\">\n<td style=\"width: 19.4828%; height: 21px;\">Sonntag, 3. November<\/td>\n<td style=\"width: 12.7586%; text-align: right; height: 21px;\">9:00<\/td>\n<td style=\"width: 67.5862%; height: 21px;\">Eucharistiefeier\u00e4tte<\/td>\n<\/tr>\n<tr style=\"height: 51px;\">\n<td style=\"width: 19.4828%; height: 10px;\">Sonntag, 10. November<\/td>\n<td style=\"width: 12.7586%; text-align: right; height: 10px;\">10:30<\/td>\n<td style=\"width: 67.5862%; height: 10px;\">\u00f6kum. Gottesdienst in St. Augustinus<\/td>\n<\/tr>\n<tr style=\"height: 51px;\">\n<td style=\"width: 19.4828%; height: 10px;\">Samstag, 16. November<\/td>\n<td style=\"width: 12.7586%; text-align: right; height: 10px;\">18:00<\/td>\n<td style=\"width: 67.5862%; height: 10px;\">Eucharistiefeier mit Kirchenchor (C\u00e4cilienfeier)<\/td>\n<\/tr>\n<tr>\n<td style=\"width: 19.4828%;\">Sonntag, 17.\u00a0November<\/td>\n<td style=\"width: 12.7586%; text-align: right;\">10:30<\/td>\n<td style=\"width: 67.5862%;\">WortGottesFeier mit Kommunionausteilung \u2013 Die Kollekte ist f\u00fcr die Arbeit in der extremen Diaspora.<\/td>\n<\/tr>\n<tr style=\"height: 51px;\">\n<td style=\"width: 19.4828%; height: 19px;\">Sonntag, 24.\u00a0November<\/td>\n<td style=\"width: 12.7586%; text-align: right; height: 19px;\">10:30<\/td>\n<td style=\"width: 67.5862%; height: 19px;\">WortGottesFeier mit Kommunionausteilung \u2013 <strong>Jugendsonntag<\/strong> \u2013 Kollekte f\u00fcr die Jugendarbeit und die Jugendstiftung JUST<\/td>\n<\/tr>\n<tr style=\"height: 10px;\">\n<td style=\"width: 19.4828%; height: 10px;\">Sonntag, 1. Dezember<\/td>\n<td style=\"width: 12.7586%; text-align: right; height: 10px;\">10:30<\/td>\n<td style=\"width: 67.5862%; height: 10px;\">Eucharistiefeier, Vorstellung der Erst-kommuionkinder \u2013 <strong>1. Advent<\/strong><\/td>\n<\/tr>\n<\/tbody>\n<\/table>\n<p>&nbsp;<\/p>\n","protected":false},"excerpt":{"rendered":"<p>Tag Uhrzeit Sonntag 27. Oktober 18.00 \u00a0Rosenkranzandacht Freitag, 1. November 10:30 15.00 \u00a0Eucharistiefeier Andacht auf dem Pliensaufriedhof Sonntag, 3. November 9:00 Eucharistiefeier\u00e4tte Sonntag, 10. November 10:30 \u00f6kum. Gottesdienst in St. Augustinus Samstag, 16. November 18:00 Eucharistiefeier mit Kirchenchor (C\u00e4cilienfeier) Sonntag, 17.\u00a0November 10:30 WortGottesFeier mit Kommunionausteilung \u2013 Die Kollekte ist f\u00fcr die Arbeit in der extremen &hellip; <\/p>\n<p class=\"link-more\"><a href=\"https:\/\/sankt-augustinus-esslingen.de\/?p=1968\" class=\"more-link\"><span class=\"screen-reader-text\">\u201eGottesdienste vom 27. Oktober bis 1. Dezember 2019\u201c <\/span>weiterlesen<\/a><\/p>\n","protected":false},"author":1,"featured_media":1276,"comment_status":"closed","ping_status":"open","sticky":false,"template":"","format":"standard","meta":{"footnotes":""},"categories":[4,14],"tags":[],"class_list":["post-1968","post","type-post","status-publish","format-standard","has-post-thumbnail","hentry","category-blickpunkt","category-gottesdienste"],"_links":{"self":[{"href":"https:\/\/sankt-augustinus-esslingen.de\/index.php?rest_route=\/wp\/v2\/posts\/1968","targetHints":{"allow":["GET"]}}],"collection":[{"href":"https:\/\/sankt-augustinus-esslingen.de\/index.php?rest_route=\/wp\/v2\/posts"}],"about":[{"href":"https:\/\/sankt-augustinus-esslingen.de\/index.php?rest_route=\/wp\/v2\/types\/post"}],"author":[{"embeddable":true,"href":"https:\/\/sankt-augustinus-esslingen.de\/index.php?rest_route=\/wp\/v2\/users\/1"}],"replies":[{"embeddable":true,"href":"https:\/\/sankt-augustinus-esslingen.de\/index.php?rest_route=%2Fwp%2Fv2%2Fcomments&post=1968"}],"version-history":[{"count":2,"href":"https:\/\/sankt-augustinus-esslingen.de\/index.php?rest_route=\/wp\/v2\/posts\/1968\/revisions"}],"predecessor-version":[{"id":1970,"href":"https:\/\/sankt-augustinus-esslingen.de\/index.php?rest_route=\/wp\/v2\/posts\/1968\/revisions\/1970"}],"wp:featuredmedia":[{"embeddable":true,"href":"https:\/\/sankt-augustinus-esslingen.de\/index.php?rest_route=\/wp\/v2\/media\/1276"}],"wp:attachment":[{"href":"https:\/\/sankt-augustinus-esslingen.de\/index.php?rest_route=%2Fwp%2Fv2%2Fmedia&parent=1968"}],"wp:term":[{"taxonomy":"category","embeddable":true,"href":"https:\/\/sankt-augustinus-esslingen.de\/index.php?rest_route=%2Fwp%2Fv2%2Fcategories&post=1968"},{"taxonomy":"post_tag","embeddable":true,"href":"https:\/\/sankt-augustinus-esslingen.de\/index.php?rest_route=%2Fwp%2Fv2%2Ftags&post=1968"}],"curies":[{"name":"wp","href":"https:\/\/api.w.org\/{rel}","templated":true}]}}