{"id":1953,"date":"2019-09-22T12:23:12","date_gmt":"2019-09-22T10:23:12","guid":{"rendered":"http:\/\/sankt-augustinus-esslingen.de\/?p=1953"},"modified":"2019-10-20T10:58:31","modified_gmt":"2019-10-20T08:58:31","slug":"besondere-gottesdienste-im-oktober","status":"publish","type":"post","link":"https:\/\/sankt-augustinus-esslingen.de\/?p=1953","title":{"rendered":"Besondere Gottesdienste im Oktober"},"content":{"rendered":"<p><strong>Gottesdienst zu Erntedank<\/strong><\/p>\n<p>Sonntag, 06. Oktober, 10.30 Uhr: Der Kindergarten wird diesen Gottesdienst mitgestalten. Wie immer bitten wir um Obst und Gem\u00fcse f\u00fcr die Gestaltung des Erntealtars, sowie haltbare und verpackte Lebensmittel. Diese bitte bis sp\u00e4testens Donnerstag bei Frau Sadowski abgeben. Alle Lebensmittel kommen Carisatt zu Gute. Sie k\u00f6nnen als ihre pers\u00f6nliche \u201eGabe\u201c auch Lebensmittel zum Gottes-dienst mitbringen, die dann ebenfalls Carisatt gespendet werden.<\/p>\n<p><strong><img loading=\"lazy\" decoding=\"async\" class=\"size-medium wp-image-1913 alignleft\" src=\"https:\/\/sankt-augustinus-esslingen.de\/wp-content\/uploads\/2019\/09\/rosenkranz-255x300.jpg\" alt=\"\" width=\"255\" height=\"300\" srcset=\"https:\/\/sankt-augustinus-esslingen.de\/wp-content\/uploads\/2019\/09\/rosenkranz-255x300.jpg 255w, https:\/\/sankt-augustinus-esslingen.de\/wp-content\/uploads\/2019\/09\/rosenkranz.jpg 635w\" sizes=\"auto, (max-width: 255px) 100vw, 255px\" \/><\/strong><\/p>\n<p>&nbsp;<\/p>\n<p><strong>Rosenkranzandachten<\/strong><\/p>\n<p>Der Oktober gilt als Rosenkranzmonat.<\/p>\n<p>Aus diesem Anlass gibt es an den Sonntagen im Oktober, je um 18.00 Uhr eine Andacht.<\/p>\n<p><strong>\u00a0<\/strong><\/p>\n<p>&nbsp;<\/p>\n<p><strong>Gottesdienst im Kreis<\/strong><\/p>\n<p>Herzliche Einladung zur Wort Gottes Feier am 13. Oktober, 10.30 Uhr.<\/p>\n<p>Im Anschluss an den Gottesdienst laden wir herzlich zum Begegnungscaf\u00e9 ein.<\/p>\n<p>Wir freuen uns auf Euer Kommen.<\/p>\n<p><em>Claudia Ebert und Team<\/em><\/p>\n<p>&nbsp;<\/p>\n<p><strong>Gottesdienst f\u00fcr Ehe-Jubilare<\/strong><\/p>\n<p>Samstag 26. Oktober, 18.00 Uhr, Kirche St. Augustinus. Diese Eucharistie wird der einzige Gottesdienst an diesem Wochenende auf dem Zollberg sein.<\/p>\n<p>&nbsp;<\/p>\n<p><strong>Beichte oder Seelsorgerliches Gespr\u00e4ch <\/strong><\/p>\n<p><strong>Angebote in St. Augustinus<\/strong><\/p>\n<p>Wenn Sie au\u00dferhalb der Zeiten samstags in St. Paul ein seelsorgliches Gespr\u00e4ch w\u00fcnschen oder das Sakrament der Vers\u00f6hnung empfangen m\u00f6chten, k\u00f6nnen Sie sich gerne an Pfarrer Peter G. Marx, Telefon: 345 15 91 wenden.<\/p>\n<p>Wenn Sie ein seelsorgliches Gespr\u00e4ch oder die Begleitung in Glaubensfragen w\u00fcnschen, k\u00f6nnen Sie sich gerne auch an Gemeindereferentin Gabriele Fischer, Tel. 99 71 40-4 wenden.<\/p>\n","protected":false},"excerpt":{"rendered":"<p>Gottesdienst zu Erntedank Sonntag, 06. Oktober, 10.30 Uhr: Der Kindergarten wird diesen Gottesdienst mitgestalten. Wie immer bitten wir um Obst und Gem\u00fcse f\u00fcr die Gestaltung des Erntealtars, sowie haltbare und verpackte Lebensmittel. Diese bitte bis sp\u00e4testens Donnerstag bei Frau Sadowski abgeben. Alle Lebensmittel kommen Carisatt zu Gute. Sie k\u00f6nnen als ihre pers\u00f6nliche \u201eGabe\u201c auch Lebensmittel &hellip; <\/p>\n<p class=\"link-more\"><a href=\"https:\/\/sankt-augustinus-esslingen.de\/?p=1953\" class=\"more-link\"><span class=\"screen-reader-text\">\u201eBesondere Gottesdienste im Oktober\u201c <\/span>weiterlesen<\/a><\/p>\n","protected":false},"author":1,"featured_media":1477,"comment_status":"closed","ping_status":"open","sticky":false,"template":"","format":"standard","meta":{"footnotes":""},"categories":[4,14],"tags":[],"class_list":["post-1953","post","type-post","status-publish","format-standard","has-post-thumbnail","hentry","category-blickpunkt","category-gottesdienste"],"_links":{"self":[{"href":"https:\/\/sankt-augustinus-esslingen.de\/index.php?rest_route=\/wp\/v2\/posts\/1953","targetHints":{"allow":["GET"]}}],"collection":[{"href":"https:\/\/sankt-augustinus-esslingen.de\/index.php?rest_route=\/wp\/v2\/posts"}],"about":[{"href":"https:\/\/sankt-augustinus-esslingen.de\/index.php?rest_route=\/wp\/v2\/types\/post"}],"author":[{"embeddable":true,"href":"https:\/\/sankt-augustinus-esslingen.de\/index.php?rest_route=\/wp\/v2\/users\/1"}],"replies":[{"embeddable":true,"href":"https:\/\/sankt-augustinus-esslingen.de\/index.php?rest_route=%2Fwp%2Fv2%2Fcomments&post=1953"}],"version-history":[{"count":1,"href":"https:\/\/sankt-augustinus-esslingen.de\/index.php?rest_route=\/wp\/v2\/posts\/1953\/revisions"}],"predecessor-version":[{"id":1954,"href":"https:\/\/sankt-augustinus-esslingen.de\/index.php?rest_route=\/wp\/v2\/posts\/1953\/revisions\/1954"}],"wp:featuredmedia":[{"embeddable":true,"href":"https:\/\/sankt-augustinus-esslingen.de\/index.php?rest_route=\/wp\/v2\/media\/1477"}],"wp:attachment":[{"href":"https:\/\/sankt-augustinus-esslingen.de\/index.php?rest_route=%2Fwp%2Fv2%2Fmedia&parent=1953"}],"wp:term":[{"taxonomy":"category","embeddable":true,"href":"https:\/\/sankt-augustinus-esslingen.de\/index.php?rest_route=%2Fwp%2Fv2%2Fcategories&post=1953"},{"taxonomy":"post_tag","embeddable":true,"href":"https:\/\/sankt-augustinus-esslingen.de\/index.php?rest_route=%2Fwp%2Fv2%2Ftags&post=1953"}],"curies":[{"name":"wp","href":"https:\/\/api.w.org\/{rel}","templated":true}]}}