{"id":1897,"date":"2019-09-22T11:33:56","date_gmt":"2019-09-22T09:33:56","guid":{"rendered":"http:\/\/sankt-augustinus-esslingen.de\/?p=1897"},"modified":"2019-10-20T10:24:01","modified_gmt":"2019-10-20T08:24:01","slug":"gottesdienste-vom-22-september-bis-27-oktober-2019","status":"publish","type":"post","link":"https:\/\/sankt-augustinus-esslingen.de\/?p=1897","title":{"rendered":"Gottesdienste vom 22. September bis 27. Oktober 2019"},"content":{"rendered":"<table style=\"width: 100%; height: 272px;\">\n<tbody>\n<tr style=\"height: 25px;\">\n<td style=\"width: 19.4828%; height: 25px;\"><strong>Tag<\/strong><\/td>\n<td style=\"width: 12.7586%; height: 25px;\"><strong>Uhrzeit<\/strong><\/td>\n<td style=\"width: 67.5862%; height: 25px;\"><\/td>\n<\/tr>\n<tr style=\"height: 10px;\">\n<td style=\"width: 19.4828%; height: 10px;\">Sonntag, 22. September<\/td>\n<td style=\"width: 12.7586%; text-align: right; height: 10px;\">10:30<\/td>\n<td style=\"width: 67.5862%; height: 10px;\">WortGottesfeier im Kreis, Begegnungskaffee und Caritas-Kollekte, Motto der Caritas-Woche:\u00a0 &#8222;Hier und jetzt helfen\u201c<\/td>\n<\/tr>\n<tr style=\"height: 51px;\">\n<td style=\"width: 19.4828%; height: 21px;\">Sonntag, 29. September<\/td>\n<td style=\"width: 12.7586%; text-align: right; height: 21px;\">10:30<\/td>\n<td style=\"width: 67.5862%; height: 21px;\">5. Sonntag, gemeins. Gottesdienst in St. Paul. \u00f6kumenischer Gottesdienst als Familiengottesdienst aus Anlass: 90 Jahre \u00f6kumenische Familienbildungsst\u00e4tte<\/td>\n<\/tr>\n<tr style=\"height: 51px;\">\n<td style=\"width: 19.4828%; height: 10px;\">Sonntag, 06. Oktober<\/td>\n<td style=\"width: 12.7586%; text-align: right; height: 10px;\">10:30<\/td>\n<td style=\"width: 67.5862%; height: 10px;\">\u00a0Eucharistiefeier zu Erntedank, mitgestaltet\u00a0vom Kindergarten St. Augustinus<\/td>\n<\/tr>\n<tr style=\"height: 51px;\">\n<td style=\"width: 19.4828%; height: 10px;\"><\/td>\n<td style=\"width: 12.7586%; text-align: right; height: 10px;\">18:00<\/td>\n<td style=\"width: 67.5862%; height: 10px;\">Rosenkranzandacht<\/td>\n<\/tr>\n<tr style=\"height: 51px;\">\n<td style=\"width: 19.4828%; height: 19px;\">Sonntag, 13. Oktober<\/td>\n<td style=\"width: 12.7586%; text-align: right; height: 19px;\">10:30<\/td>\n<td style=\"width: 67.5862%; height: 19px;\">WortGottesfeier im Kreis, Begegnungskaffee<\/td>\n<\/tr>\n<tr style=\"height: 10px;\">\n<td style=\"width: 19.4828%; height: 10px;\"><\/td>\n<td style=\"width: 12.7586%; text-align: right; height: 10px;\">18:00<\/td>\n<td style=\"width: 67.5862%; height: 10px;\">Rosenkranzandacht<\/td>\n<\/tr>\n<tr style=\"height: 51px;\">\n<td style=\"width: 19.4828%; height: 51px;\">Sonntag, 20. Oktober<\/td>\n<td style=\"width: 12.7586%; text-align: right; height: 51px;\">10:30<\/td>\n<td style=\"width: 67.5862%; height: 51px;\">WortGottesFeier mit Kommunionausteilung<\/td>\n<\/tr>\n<tr style=\"height: 10px;\">\n<td style=\"width: 19.4828%; height: 10px;\"><\/td>\n<td style=\"width: 12.7586%; text-align: right; height: 10px;\">18:00<\/td>\n<td style=\"width: 67.5862%; height: 10px;\">Rosenkranzandacht<\/td>\n<\/tr>\n<tr style=\"height: 55px;\">\n<td style=\"width: 19.4828%; height: 55px;\">Samstag, 26. Oktober<\/td>\n<td style=\"width: 12.7586%; text-align: right; height: 55px;\">10:30<\/td>\n<td style=\"width: 67.5862%; height: 55px;\"><strong>Eucharstiefeier f\u00fcr Ehejubilare<\/strong><\/td>\n<\/tr>\n<tr style=\"height: 10px;\">\n<td style=\"width: 19.4828%; height: 10px;\"><\/td>\n<td style=\"width: 12.7586%; text-align: right; height: 10px;\"><\/td>\n<td style=\"width: 67.5862%; height: 10px;\">kein weiterer Gottesdienst an diesem Wochenende.<\/td>\n<\/tr>\n<tr style=\"height: 10px;\">\n<td style=\"width: 19.4828%; height: 10px;\"><\/td>\n<td style=\"width: 12.7586%; text-align: right; height: 10px;\">18:00<\/td>\n<td style=\"width: 67.5862%; height: 10px;\">Rosenkranzandacht<\/td>\n<\/tr>\n<\/tbody>\n<\/table>\n<p>&nbsp;<\/p>\n","protected":false},"excerpt":{"rendered":"<p>Tag Uhrzeit Sonntag, 22. September 10:30 WortGottesfeier im Kreis, Begegnungskaffee und Caritas-Kollekte, Motto der Caritas-Woche:\u00a0 &#8222;Hier und jetzt helfen\u201c Sonntag, 29. September 10:30 5. Sonntag, gemeins. Gottesdienst in St. Paul. \u00f6kumenischer Gottesdienst als Familiengottesdienst aus Anlass: 90 Jahre \u00f6kumenische Familienbildungsst\u00e4tte Sonntag, 06. Oktober 10:30 \u00a0Eucharistiefeier zu Erntedank, mitgestaltet\u00a0vom Kindergarten St. Augustinus 18:00 Rosenkranzandacht Sonntag, 13. &hellip; <\/p>\n<p class=\"link-more\"><a href=\"https:\/\/sankt-augustinus-esslingen.de\/?p=1897\" class=\"more-link\"><span class=\"screen-reader-text\">\u201eGottesdienste vom 22. September bis 27. Oktober 2019\u201c <\/span>weiterlesen<\/a><\/p>\n","protected":false},"author":1,"featured_media":1276,"comment_status":"closed","ping_status":"open","sticky":false,"template":"","format":"standard","meta":{"footnotes":""},"categories":[4,14],"tags":[],"class_list":["post-1897","post","type-post","status-publish","format-standard","has-post-thumbnail","hentry","category-blickpunkt","category-gottesdienste"],"_links":{"self":[{"href":"https:\/\/sankt-augustinus-esslingen.de\/index.php?rest_route=\/wp\/v2\/posts\/1897","targetHints":{"allow":["GET"]}}],"collection":[{"href":"https:\/\/sankt-augustinus-esslingen.de\/index.php?rest_route=\/wp\/v2\/posts"}],"about":[{"href":"https:\/\/sankt-augustinus-esslingen.de\/index.php?rest_route=\/wp\/v2\/types\/post"}],"author":[{"embeddable":true,"href":"https:\/\/sankt-augustinus-esslingen.de\/index.php?rest_route=\/wp\/v2\/users\/1"}],"replies":[{"embeddable":true,"href":"https:\/\/sankt-augustinus-esslingen.de\/index.php?rest_route=%2Fwp%2Fv2%2Fcomments&post=1897"}],"version-history":[{"count":3,"href":"https:\/\/sankt-augustinus-esslingen.de\/index.php?rest_route=\/wp\/v2\/posts\/1897\/revisions"}],"predecessor-version":[{"id":1901,"href":"https:\/\/sankt-augustinus-esslingen.de\/index.php?rest_route=\/wp\/v2\/posts\/1897\/revisions\/1901"}],"wp:featuredmedia":[{"embeddable":true,"href":"https:\/\/sankt-augustinus-esslingen.de\/index.php?rest_route=\/wp\/v2\/media\/1276"}],"wp:attachment":[{"href":"https:\/\/sankt-augustinus-esslingen.de\/index.php?rest_route=%2Fwp%2Fv2%2Fmedia&parent=1897"}],"wp:term":[{"taxonomy":"category","embeddable":true,"href":"https:\/\/sankt-augustinus-esslingen.de\/index.php?rest_route=%2Fwp%2Fv2%2Fcategories&post=1897"},{"taxonomy":"post_tag","embeddable":true,"href":"https:\/\/sankt-augustinus-esslingen.de\/index.php?rest_route=%2Fwp%2Fv2%2Ftags&post=1897"}],"curies":[{"name":"wp","href":"https:\/\/api.w.org\/{rel}","templated":true}]}}