{"id":1844,"date":"2019-07-28T12:59:25","date_gmt":"2019-07-28T10:59:25","guid":{"rendered":"http:\/\/sankt-augustinus-esslingen.de\/?p=1844"},"modified":"2019-09-22T12:08:55","modified_gmt":"2019-09-22T10:08:55","slug":"hier-und-jetzt-helfen","status":"publish","type":"post","link":"https:\/\/sankt-augustinus-esslingen.de\/?p=1844","title":{"rendered":"Hier und jetzt helfen"},"content":{"rendered":"<p><strong>Vom 21. &#8211; 29. September 2019 bittet die Caritas wie jedes Jahr um den Beitrag aller B\u00fcrgerinnen und B\u00fcrger zur Caritas-Sammlung. <\/strong><\/p>\n<p>\u00dcberall in unserer Nachbarschaft gibt es Menschen, die Hilfe brauchen.<\/p>\n<p>Die Sammlung im Gottesdienst findet am 22. <span style=\"font-size: 1rem;\">September statt.<\/span><\/p>\n<p>Die Spenden der Caritas-Sammlung helfen dreierlei: ganz konkret vor Ort, in\u00a0der Kirchengemeinde: mit anonymer, einzelfallbezogener Direkthilfe an alte\u00a0und einsame Menschen, an Alleinerziehende, an wohnungslose Menschen.<br \/>\nDie Mittel der Caritas-Sammlung helfen auf der Ebene der \u00f6rtlichen Caritasverb\u00e4nde, die Projekte initiieren und finanzieren, die anderweitig nicht stattfinden k\u00f6nnten.<br \/>\nMit den Spenden aus der Caritas-Sammlung finanziert drittens der di\u00f6zesane Caritasverband besondere Projekte in der ganzen Di\u00f6zese.<\/p>\n<p>\u201eHier und jetzt helfen\u201c hei\u00dft das Leitwort der Caritas-Sammlung, und hier und jetzt geh\u00f6ren Glauben und Handeln zusammen.<\/p>\n<p><em>\u00a0\u201eEs geht darum, im Geiste Jesu dazu beizutragen, dass Menschen ihre W\u00fcrde nicht verlieren, weil sie arm sind, schwach, alt, krank, einsam oder klein. So funktioniert das Himmelreich in der Botschaft Jesu. Und das ist Gottesdienst.\u201c<\/em><\/p>\n<p>Ihre Hilfe kommt an! &#8211; 50% von Ihrer Spende bleiben in Esslingen und kommen dort der caritativen Arbeit zu Gute:<\/p>\n<p><strong>Caritas, DE31 6005 0101 0002 6662 22, Stichwort \u201eCaritas-Sammlung 2019\u201c<\/strong><\/p>\n","protected":false},"excerpt":{"rendered":"<p>Vom 21. &#8211; 29. September 2019 bittet die Caritas wie jedes Jahr um den Beitrag aller B\u00fcrgerinnen und B\u00fcrger zur Caritas-Sammlung. \u00dcberall in unserer Nachbarschaft gibt es Menschen, die Hilfe brauchen. Die Sammlung im Gottesdienst findet am 22. September statt. Die Spenden der Caritas-Sammlung helfen dreierlei: ganz konkret vor Ort, in\u00a0der Kirchengemeinde: mit anonymer, einzelfallbezogener &hellip; <\/p>\n<p class=\"link-more\"><a href=\"https:\/\/sankt-augustinus-esslingen.de\/?p=1844\" class=\"more-link\"><span class=\"screen-reader-text\">\u201eHier und jetzt helfen\u201c <\/span>weiterlesen<\/a><\/p>\n","protected":false},"author":1,"featured_media":1845,"comment_status":"closed","ping_status":"open","sticky":false,"template":"","format":"standard","meta":{"footnotes":""},"categories":[4],"tags":[],"class_list":["post-1844","post","type-post","status-publish","format-standard","has-post-thumbnail","hentry","category-blickpunkt"],"_links":{"self":[{"href":"https:\/\/sankt-augustinus-esslingen.de\/index.php?rest_route=\/wp\/v2\/posts\/1844","targetHints":{"allow":["GET"]}}],"collection":[{"href":"https:\/\/sankt-augustinus-esslingen.de\/index.php?rest_route=\/wp\/v2\/posts"}],"about":[{"href":"https:\/\/sankt-augustinus-esslingen.de\/index.php?rest_route=\/wp\/v2\/types\/post"}],"author":[{"embeddable":true,"href":"https:\/\/sankt-augustinus-esslingen.de\/index.php?rest_route=\/wp\/v2\/users\/1"}],"replies":[{"embeddable":true,"href":"https:\/\/sankt-augustinus-esslingen.de\/index.php?rest_route=%2Fwp%2Fv2%2Fcomments&post=1844"}],"version-history":[{"count":1,"href":"https:\/\/sankt-augustinus-esslingen.de\/index.php?rest_route=\/wp\/v2\/posts\/1844\/revisions"}],"predecessor-version":[{"id":1846,"href":"https:\/\/sankt-augustinus-esslingen.de\/index.php?rest_route=\/wp\/v2\/posts\/1844\/revisions\/1846"}],"wp:featuredmedia":[{"embeddable":true,"href":"https:\/\/sankt-augustinus-esslingen.de\/index.php?rest_route=\/wp\/v2\/media\/1845"}],"wp:attachment":[{"href":"https:\/\/sankt-augustinus-esslingen.de\/index.php?rest_route=%2Fwp%2Fv2%2Fmedia&parent=1844"}],"wp:term":[{"taxonomy":"category","embeddable":true,"href":"https:\/\/sankt-augustinus-esslingen.de\/index.php?rest_route=%2Fwp%2Fv2%2Fcategories&post=1844"},{"taxonomy":"post_tag","embeddable":true,"href":"https:\/\/sankt-augustinus-esslingen.de\/index.php?rest_route=%2Fwp%2Fv2%2Ftags&post=1844"}],"curies":[{"name":"wp","href":"https:\/\/api.w.org\/{rel}","templated":true}]}}