{"id":1703,"date":"2019-05-19T15:05:13","date_gmt":"2019-05-19T13:05:13","guid":{"rendered":"http:\/\/sankt-augustinus-esslingen.de\/?p=1703"},"modified":"2019-06-30T13:17:50","modified_gmt":"2019-06-30T11:17:50","slug":"oekumenisches-kindermusical-jona","status":"publish","type":"post","link":"https:\/\/sankt-augustinus-esslingen.de\/?p=1703","title":{"rendered":"\u00d6kumenisches  Kindermusical \u201aJONA\u2018"},"content":{"rendered":"<p>Am 4. Mai 2019 f\u00fchrten 20 Kinder und Jugendliche, begleitet von einer Band, das Kinder-Musical `JONA` auf.<\/p>\n<p>Schon lange war es ein Wunsch,\u00a0ein gr\u00f6\u00dferes Musikprojekt \u00f6kumenisch einzustudieren und aufzuf\u00fchren. Nun wurde dieser Traum zum 60. <span style=\"font-size: 1rem;\">Jubil\u00e4um der katholischen Kirche\u00a0 <\/span><span style=\"font-size: 1rem;\">St. Augustinus wahr.<\/span><\/p>\n<p><img loading=\"lazy\" decoding=\"async\" class=\"alignnone wp-image-1642 size-full\" src=\"https:\/\/sankt-augustinus-esslingen.de\/wp-content\/uploads\/2019\/05\/jona-e1558271026996.jpg\" alt=\"\" width=\"606\" height=\"807\" srcset=\"https:\/\/sankt-augustinus-esslingen.de\/wp-content\/uploads\/2019\/05\/jona-e1558271026996.jpg 606w, https:\/\/sankt-augustinus-esslingen.de\/wp-content\/uploads\/2019\/05\/jona-e1558271026996-225x300.jpg 225w\" sizes=\"auto, (max-width: 606px) 100vw, 606px\" \/>Unsere Musical-Kids waren bei der Auff\u00fchrung, sowie auch schon w\u00e4hrend der ganzen Probenzeit voll motiviert und engagiert bei der Sache.<\/p>\n<p>Wie in der biblischen Geschichte lief Jona auch in unserem Musical vor Gottes Auftrag davon, trotzte mit den Matrosen auf dem Schiff dem Sturm, wurde von unserem gro\u00dfen Fisch verschluckt und wieder ausgespuckt und das Volk von Ninive erlebte Gottes Erbarmen, als es seine Fehler bereute und um Vergebung\u00a0 bat. Zwischen den Spielszenen gab es vom Chor fetzige Lieder oder auch mal ruhige Balladen von unseren Solist*innen gesungen.<\/p>\n<p>Das Musicalprojekt machte allen riesigen Spa\u00df und es war eine sch\u00f6ne Erfahrung und eine tolle Zeit. Und bei der Auff\u00fchrung war die katholische Kirche fast bis auf den letzten Platz gef\u00fcllt. Wir denken, alle Besucher*innen des Musicals hatten ebenso viel Freude an diesem Nachmittag wie wir!<\/p>\n<p>HERZLICHEN DANK an alle unsere Musical-Kids f\u00fcr das tolle Spielen und Singen und den Eltern f\u00fcr Ihre Unterst\u00fctzung w\u00e4hrend der ganzen Probenzeit. Ebenso DANKE an alle die uns bei den Requisiten,\u00a0 Licht, Ton, Technik, Regie, Kost\u00fcmen und in der Band unterst\u00fctzt und geholfen haben.<\/p>\n<p><em>Carola Hausmann, Katja + Patrick Spieth<\/em><\/p>\n","protected":false},"excerpt":{"rendered":"<p>Am 4. Mai 2019 f\u00fchrten 20 Kinder und Jugendliche, begleitet von einer Band, das Kinder-Musical `JONA` auf. Schon lange war es ein Wunsch,\u00a0ein gr\u00f6\u00dferes Musikprojekt \u00f6kumenisch einzustudieren und aufzuf\u00fchren. Nun wurde dieser Traum zum 60. Jubil\u00e4um der katholischen Kirche\u00a0 St. Augustinus wahr. Unsere Musical-Kids waren bei der Auff\u00fchrung, sowie auch schon w\u00e4hrend der ganzen Probenzeit &hellip; <\/p>\n<p class=\"link-more\"><a href=\"https:\/\/sankt-augustinus-esslingen.de\/?p=1703\" class=\"more-link\"><span class=\"screen-reader-text\">\u201e\u00d6kumenisches  Kindermusical \u201aJONA\u2018\u201c <\/span>weiterlesen<\/a><\/p>\n","protected":false},"author":1,"featured_media":1472,"comment_status":"closed","ping_status":"open","sticky":false,"template":"","format":"standard","meta":{"footnotes":""},"categories":[4],"tags":[],"class_list":["post-1703","post","type-post","status-publish","format-standard","has-post-thumbnail","hentry","category-blickpunkt"],"_links":{"self":[{"href":"https:\/\/sankt-augustinus-esslingen.de\/index.php?rest_route=\/wp\/v2\/posts\/1703","targetHints":{"allow":["GET"]}}],"collection":[{"href":"https:\/\/sankt-augustinus-esslingen.de\/index.php?rest_route=\/wp\/v2\/posts"}],"about":[{"href":"https:\/\/sankt-augustinus-esslingen.de\/index.php?rest_route=\/wp\/v2\/types\/post"}],"author":[{"embeddable":true,"href":"https:\/\/sankt-augustinus-esslingen.de\/index.php?rest_route=\/wp\/v2\/users\/1"}],"replies":[{"embeddable":true,"href":"https:\/\/sankt-augustinus-esslingen.de\/index.php?rest_route=%2Fwp%2Fv2%2Fcomments&post=1703"}],"version-history":[{"count":1,"href":"https:\/\/sankt-augustinus-esslingen.de\/index.php?rest_route=\/wp\/v2\/posts\/1703\/revisions"}],"predecessor-version":[{"id":1704,"href":"https:\/\/sankt-augustinus-esslingen.de\/index.php?rest_route=\/wp\/v2\/posts\/1703\/revisions\/1704"}],"wp:featuredmedia":[{"embeddable":true,"href":"https:\/\/sankt-augustinus-esslingen.de\/index.php?rest_route=\/wp\/v2\/media\/1472"}],"wp:attachment":[{"href":"https:\/\/sankt-augustinus-esslingen.de\/index.php?rest_route=%2Fwp%2Fv2%2Fmedia&parent=1703"}],"wp:term":[{"taxonomy":"category","embeddable":true,"href":"https:\/\/sankt-augustinus-esslingen.de\/index.php?rest_route=%2Fwp%2Fv2%2Fcategories&post=1703"},{"taxonomy":"post_tag","embeddable":true,"href":"https:\/\/sankt-augustinus-esslingen.de\/index.php?rest_route=%2Fwp%2Fv2%2Ftags&post=1703"}],"curies":[{"name":"wp","href":"https:\/\/api.w.org\/{rel}","templated":true}]}}