{"id":1699,"date":"2019-05-19T14:59:19","date_gmt":"2019-05-19T12:59:19","guid":{"rendered":"http:\/\/sankt-augustinus-esslingen.de\/?p=1699"},"modified":"2019-06-30T13:18:14","modified_gmt":"2019-06-30T11:18:14","slug":"fels-und-licht-und-rufer","status":"publish","type":"post","link":"https:\/\/sankt-augustinus-esslingen.de\/?p=1699","title":{"rendered":"Fels und Licht und Rufer"},"content":{"rendered":"<p>Das Neue Testament h\u00e4lt ein farbenreiches, vielschichtiges, gro\u00dfformatiges Bild der Apostel Petrus und Paulus fest. Es leugnet die Unterschiede zwischen beiden nicht, sondern arbeitet sie plastisch heraus.<\/p>\n<ul>\n<li>Der eine stammt aus Galil\u00e4a, der tiefsten j\u00fcdischen Provinz, der andere aus Tarsus, einer pulsierenden Stadt der hellenistischen Diaspora;<\/li>\n<li>Der eine ist Fischer vom See Genezareth, der andere j\u00fcdischer Intellektueller, Sch\u00fcler Gamaliels II.<\/li>\n<li>Erster der Zw\u00f6lf ist der eine, letzter der Apostel der andere;<\/li>\n<li>Mitglied der Jerusalemer Urgemeinde der eine, hinzugewonnenes Mitglied der Kirche von Damaskus, hernach von Antiochia der andere;<\/li>\n<li>Integrationsfigur der eine, Polarisationsfaktor der andere.<\/li>\n<\/ul>\n<p>Aber beide haben wesentliche Gemeinsamkeiten:<\/p>\n<ul>\n<li>Beide sind Juden.<\/li>\n<li>Beide haben ein ehrbares Handwerk erlernt.<\/li>\n<li>Beide haben ihre dunkle Stunde gehabt.<\/li>\n<li>Beide glauben an Jesus den Christus, seine Gottessohnschaft, seinen Tod und seine Auferstehung.<\/li>\n<li>Beide sind zur Verk\u00fcndigung berufen, wenngleich zu unterschiedlichen Zeitpunkten, auf unterschiedlichen Wegen und mit unterschiedlichen Zielen.<\/li>\n<li>Beide sind offen f\u00fcr die Mission unter Gottesf\u00fcrchtigen und Heiden \u2013 z\u00f6gernd der eine, energisch der andere.<\/li>\n<li>Beide sind weite Wege der Mission gegangen, beide sind in Rom unter Nero als M\u00e4rtyrer gestorben.<\/li>\n<\/ul>\n<p>Die \u00dcbereinstimmungen und Unterschiede zwischen beiden Aposteln haben\u00a0das Christentums vorangebracht und getragen.<\/p>\n<p>Die Kirche geht auf Jesus von Nazareth zur\u00fcck. Jesus selbst, so im Neuen Testament geschrieben, hat die Geschichte der Kirche an sie gebunden, an Petrus durch die Berufung am See Genezareth und die Neuberufung im Zuge seiner Auferstehung, an Paulus \u2013 den Eiferer des Gesetzes und leidenschaftlichen Liebhaber Gottes \u2013 durch die Bekehrung von der religi\u00f6sen Gewalt und die Berufung zum Apostel der V\u00f6lker.<\/p>\n<p>Petrus war ein unangreifbarer Apostel, dem Paulus ins Angesicht widerstanden hat, Paulus ein umstrittener Apostel, den Petrus anerkannt hat. Paulus musste sich verteidigen, erkl\u00e4ren, darstellen \u2013 und hat es genutzt, um an seiner Person die Pr\u00e4gung durch Christus darzustellen; Petrus konnte sich auf Jesus selbst berufen \u2013 und hat vielleicht deshalb keine einzige Zeile hinterlassen, aber anderen erm\u00f6glicht, von Jesus zu erz\u00e4hlen, seinem Tod und seiner Auferstehung.<\/p>\n<p>Ebenso kennzeichnend sind die Metaphern, die beide Apostel ins Bild setzen.<\/p>\n<p>&#8222;Fels&#8220; ist der eine. So wie nach dem Prophetenbuch des Jesaja Abraham der &#8222;Fels&#8220; ist, aus dem Israel &#8222;gehauen&#8220; wurde (Jes 51,1f.), so ist Petrus nach dem Matth\u00e4usevangelium der &#8222;Fels&#8220;, auf dem die Kirche steht. Dieser Fels wackelt, aber er bricht nicht zusammen. Das ist die Verhei\u00dfung, von der die Kirche lebt, jenseits aller Erfolge und Misserfolge. &#8222;Die Pforten der H\u00f6lle werden sie nicht \u00fcberw\u00e4ltigen&#8220; (Mt 16,18).<\/p>\n<p>&#8222;Licht&#8220; ist der andere. &#8222;Ich habe dich zum Licht f\u00fcr die V\u00f6lker gemacht&#8220;, so beschreibt Paulus \u2013 laut der Apostelgeschichte (Apg 13,47) \u2013 bei seiner ersten Predigt seine Berufung zum Apostel mit Worten des Jesaja (Jes 42,6; 49,6). Dieses Licht flackert, aber erlischt nicht. Das ist die Hoffnung, von der die Kirche lebt, jenseits aller Erwartungen und Entt\u00e4uschungen: &#8222;Zum Heil sollst du sein bis ans Ende der Welt&#8220; (Apg 13,47)<\/p>\n<p><img loading=\"lazy\" decoding=\"async\" class=\"alignleft wp-image-1641 size-full\" src=\"https:\/\/sankt-augustinus-esslingen.de\/wp-content\/uploads\/2019\/05\/petrus-2.jpg\" alt=\"\" width=\"300\" height=\"515\" srcset=\"https:\/\/sankt-augustinus-esslingen.de\/wp-content\/uploads\/2019\/05\/petrus-2.jpg 300w, https:\/\/sankt-augustinus-esslingen.de\/wp-content\/uploads\/2019\/05\/petrus-2-175x300.jpg 175w\" sizes=\"auto, (max-width: 300px) 100vw, 300px\" \/>Und ein Dritter kommt ins Bild, der eigentlich vor den beiden stand: Johannes der T\u00e4ufer.\u00a0Er ist \u201edie Stimme des Rufers in der W\u00fcste\u201c er \u201eknickt das Rohr nicht ab und l\u00f6scht den glimmenden Docht nicht aus\u201c.<\/p>\n<p>Johannes, der Jesus begegnet und sich in Bewegung setzen l\u00e4sst, bevor er geboren wurde. Er, der als Vorl\u00e4ufer Jesu bezeichnet wird, der auf ihn hindeutet. Der genau um seinen Platz wei\u00df. \u201eER war vor mir und ich bin es nicht wert ihm die Sandalen zu l\u00f6sen\u201c. Johannes macht Jesus bekannt und deutet \u201eauf ihn, der unerkannt unter den Menschen stand\u201c. Er zeigt auf \u201edas Lamm Gottes\u201c.<\/p>\n<p>Petrus begleitet im Kreis der Apostel Jesus und beide, auch Paulus, verk\u00fcnden ihn und die Frohe Botschaft des Glaubens.\u00a0\u00a0\u00a0\u00a0\u00a0\u00a0\u00a0\u00a0\u00a0\u00a0\u00a0\u00a0\u00a0\u00a0\u00a0\u00a0\u00a0\u00a0\u00a0\u00a0\u00a0\u00a0\u00a0\u00a0\u00a0\u00a0\u00a0\u00a0\u00a0\u00a0\u00a0\u00a0\u00a0\u00a0\u00a0\u00a0\u00a0\u00a0\u00a0\u00a0\u00a0\u00a0\u00a0\u00a0\u00a0\u00a0\u00a0\u00a0\u00a0\u00a0\u00a0\u00a0\u00a0\u00a0\u00a0\u00a0 <em>Peter G. Marx, Pfarrer<\/em><\/p>\n","protected":false},"excerpt":{"rendered":"<p>Das Neue Testament h\u00e4lt ein farbenreiches, vielschichtiges, gro\u00dfformatiges Bild der Apostel Petrus und Paulus fest. Es leugnet die Unterschiede zwischen beiden nicht, sondern arbeitet sie plastisch heraus. Der eine stammt aus Galil\u00e4a, der tiefsten j\u00fcdischen Provinz, der andere aus Tarsus, einer pulsierenden Stadt der hellenistischen Diaspora; Der eine ist Fischer vom See Genezareth, der andere &hellip; <\/p>\n<p class=\"link-more\"><a href=\"https:\/\/sankt-augustinus-esslingen.de\/?p=1699\" class=\"more-link\"><span class=\"screen-reader-text\">\u201eFels und Licht und Rufer\u201c <\/span>weiterlesen<\/a><\/p>\n","protected":false},"author":1,"featured_media":1647,"comment_status":"closed","ping_status":"open","sticky":false,"template":"","format":"standard","meta":{"footnotes":""},"categories":[4],"tags":[],"class_list":["post-1699","post","type-post","status-publish","format-standard","has-post-thumbnail","hentry","category-blickpunkt"],"_links":{"self":[{"href":"https:\/\/sankt-augustinus-esslingen.de\/index.php?rest_route=\/wp\/v2\/posts\/1699","targetHints":{"allow":["GET"]}}],"collection":[{"href":"https:\/\/sankt-augustinus-esslingen.de\/index.php?rest_route=\/wp\/v2\/posts"}],"about":[{"href":"https:\/\/sankt-augustinus-esslingen.de\/index.php?rest_route=\/wp\/v2\/types\/post"}],"author":[{"embeddable":true,"href":"https:\/\/sankt-augustinus-esslingen.de\/index.php?rest_route=\/wp\/v2\/users\/1"}],"replies":[{"embeddable":true,"href":"https:\/\/sankt-augustinus-esslingen.de\/index.php?rest_route=%2Fwp%2Fv2%2Fcomments&post=1699"}],"version-history":[{"count":1,"href":"https:\/\/sankt-augustinus-esslingen.de\/index.php?rest_route=\/wp\/v2\/posts\/1699\/revisions"}],"predecessor-version":[{"id":1700,"href":"https:\/\/sankt-augustinus-esslingen.de\/index.php?rest_route=\/wp\/v2\/posts\/1699\/revisions\/1700"}],"wp:featuredmedia":[{"embeddable":true,"href":"https:\/\/sankt-augustinus-esslingen.de\/index.php?rest_route=\/wp\/v2\/media\/1647"}],"wp:attachment":[{"href":"https:\/\/sankt-augustinus-esslingen.de\/index.php?rest_route=%2Fwp%2Fv2%2Fmedia&parent=1699"}],"wp:term":[{"taxonomy":"category","embeddable":true,"href":"https:\/\/sankt-augustinus-esslingen.de\/index.php?rest_route=%2Fwp%2Fv2%2Fcategories&post=1699"},{"taxonomy":"post_tag","embeddable":true,"href":"https:\/\/sankt-augustinus-esslingen.de\/index.php?rest_route=%2Fwp%2Fv2%2Ftags&post=1699"}],"curies":[{"name":"wp","href":"https:\/\/api.w.org\/{rel}","templated":true}]}}