{"id":1626,"date":"2019-04-19T18:03:54","date_gmt":"2019-04-19T16:03:54","guid":{"rendered":"http:\/\/sankt-augustinus-esslingen.de\/?p=1626"},"modified":"2019-05-19T13:13:32","modified_gmt":"2019-05-19T11:13:32","slug":"die-glocke-von-st-augustinus","status":"publish","type":"post","link":"https:\/\/sankt-augustinus-esslingen.de\/?p=1626","title":{"rendered":"Die Glocke von St. Augustinus"},"content":{"rendered":"<p>Nicht nur die Kirche und Kirchengemeinde St. Augustinus kann dieses Jahr Jubil\u00e4um feiern, sondern auch der \u00e4lteste Bestandteil des Kirchengeb\u00e4udes, den man selten zu sehen, aber daf\u00fcr umso \u00f6fter zu h\u00f6ren bekommt:<\/p>\n<p>Unsere Glocke!<\/p>\n<figure id=\"attachment_1623\" aria-describedby=\"caption-attachment-1623\" style=\"width: 835px\" class=\"wp-caption alignnone\"><img loading=\"lazy\" decoding=\"async\" class=\"wp-image-1623 size-full\" src=\"https:\/\/sankt-augustinus-esslingen.de\/wp-content\/uploads\/2019\/04\/gloccke-augustinus.jpg\" alt=\"\" width=\"835\" height=\"541\" srcset=\"https:\/\/sankt-augustinus-esslingen.de\/wp-content\/uploads\/2019\/04\/gloccke-augustinus.jpg 835w, https:\/\/sankt-augustinus-esslingen.de\/wp-content\/uploads\/2019\/04\/gloccke-augustinus-300x194.jpg 300w, https:\/\/sankt-augustinus-esslingen.de\/wp-content\/uploads\/2019\/04\/gloccke-augustinus-768x498.jpg 768w\" sizes=\"auto, (max-width: 767px) 89vw, (max-width: 1000px) 54vw, (max-width: 1071px) 543px, 580px\" \/><figcaption id=\"caption-attachment-1623\" class=\"wp-caption-text\">Einbringen der Glocke im Jahre 1958<\/figcaption><\/figure>\n<p>Lassen Sie uns einen Blick auf die Widmung werfen:<em> \u00a0 <\/em>\u201eVERBVM DOMINI MANET IN AETERNVM. GLORIA IN EXCELSIS DEO. ANNO DOMINI 1654.\u201c<\/p>\n<p><em>(Das Wort Gottes bleibt in Ewigkeit. Ehre sei Gott in der H\u00f6he.\u00a0<\/em><em>Im Jahre des Herrn 1654)<\/em><\/p>\n<p>Somit ist diese Glocke schon stolze 365 Jahre alt und kann zeitlich zum Ende\u00a0des Fr\u00fchbarocks, Anfang des Hochbarocks verortet werden. Die zw\u00f6lf Zentner (580 kg) schwere Glocke wurde von Donatus Schr\u00f6tter in Giersdorf (Schlesien) gegossen, der von 1648-1654 wirkte. Die mit sch\u00f6nem Renaissanceschmuck verzierte Glocke hat einen unteren Durchmesser von 98,5 cm und eine H\u00f6he von 90 cm. Doch wie hat diese Glocke den Weg in unseren Kirchturm gefunden?<\/p>\n<p>Urspr\u00fcnglich stammt diese Glocke aus Seitendorf in Oberschlesien und sollte eigentlich der Bronze wegen zu Kriegszwecken im Zweiten Weltkrieg einge-schmolzen werden. Gl\u00fccklicherweise wurde sie an einem Bahnhof abgestellt und vergessen und konnte so den Krieg unbeschadet \u00fcberstehen. Auf dem Zollberg fand sie Weihnachten 1958 eine neue Heimat.<\/p>\n<p>So ist sie zum einen \u201eHeimatvertriebenenglocke\u201c wie auch Mahnmal gegen den Krieg und soll mit jedem L\u00e4uten an den Frieden erinnern.<em>\u00a0\u00a0\u00a0 <\/em><\/p>\n<p><em>Lucas R. Pacholet<\/em><\/p>\n<p><em>(Bild: Kirchenarchiv, digitalisiert Lukas Reiser)<\/em><\/p>\n","protected":false},"excerpt":{"rendered":"<p>Nicht nur die Kirche und Kirchengemeinde St. Augustinus kann dieses Jahr Jubil\u00e4um feiern, sondern auch der \u00e4lteste Bestandteil des Kirchengeb\u00e4udes, den man selten zu sehen, aber daf\u00fcr umso \u00f6fter zu h\u00f6ren bekommt: Unsere Glocke! Lassen Sie uns einen Blick auf die Widmung werfen: \u00a0 \u201eVERBVM DOMINI MANET IN AETERNVM. GLORIA IN EXCELSIS DEO. ANNO DOMINI &hellip; <\/p>\n<p class=\"link-more\"><a href=\"https:\/\/sankt-augustinus-esslingen.de\/?p=1626\" class=\"more-link\"><span class=\"screen-reader-text\">\u201eDie Glocke von St. Augustinus\u201c <\/span>weiterlesen<\/a><\/p>\n","protected":false},"author":1,"featured_media":1628,"comment_status":"closed","ping_status":"open","sticky":false,"template":"","format":"standard","meta":{"footnotes":""},"categories":[4],"tags":[],"class_list":["post-1626","post","type-post","status-publish","format-standard","has-post-thumbnail","hentry","category-blickpunkt"],"_links":{"self":[{"href":"https:\/\/sankt-augustinus-esslingen.de\/index.php?rest_route=\/wp\/v2\/posts\/1626","targetHints":{"allow":["GET"]}}],"collection":[{"href":"https:\/\/sankt-augustinus-esslingen.de\/index.php?rest_route=\/wp\/v2\/posts"}],"about":[{"href":"https:\/\/sankt-augustinus-esslingen.de\/index.php?rest_route=\/wp\/v2\/types\/post"}],"author":[{"embeddable":true,"href":"https:\/\/sankt-augustinus-esslingen.de\/index.php?rest_route=\/wp\/v2\/users\/1"}],"replies":[{"embeddable":true,"href":"https:\/\/sankt-augustinus-esslingen.de\/index.php?rest_route=%2Fwp%2Fv2%2Fcomments&post=1626"}],"version-history":[{"count":1,"href":"https:\/\/sankt-augustinus-esslingen.de\/index.php?rest_route=\/wp\/v2\/posts\/1626\/revisions"}],"predecessor-version":[{"id":1629,"href":"https:\/\/sankt-augustinus-esslingen.de\/index.php?rest_route=\/wp\/v2\/posts\/1626\/revisions\/1629"}],"wp:featuredmedia":[{"embeddable":true,"href":"https:\/\/sankt-augustinus-esslingen.de\/index.php?rest_route=\/wp\/v2\/media\/1628"}],"wp:attachment":[{"href":"https:\/\/sankt-augustinus-esslingen.de\/index.php?rest_route=%2Fwp%2Fv2%2Fmedia&parent=1626"}],"wp:term":[{"taxonomy":"category","embeddable":true,"href":"https:\/\/sankt-augustinus-esslingen.de\/index.php?rest_route=%2Fwp%2Fv2%2Fcategories&post=1626"},{"taxonomy":"post_tag","embeddable":true,"href":"https:\/\/sankt-augustinus-esslingen.de\/index.php?rest_route=%2Fwp%2Fv2%2Ftags&post=1626"}],"curies":[{"name":"wp","href":"https:\/\/api.w.org\/{rel}","templated":true}]}}