{"id":1622,"date":"2019-04-19T18:00:33","date_gmt":"2019-04-19T16:00:33","guid":{"rendered":"http:\/\/sankt-augustinus-esslingen.de\/?p=1622"},"modified":"2019-05-19T13:13:38","modified_gmt":"2019-05-19T11:13:38","slug":"das-schwarze-loch-und-christi-himmelfahrt","status":"publish","type":"post","link":"https:\/\/sankt-augustinus-esslingen.de\/?p=1622","title":{"rendered":"Das \u201eSchwarze Loch\u201c und Christi Himmelfahrt"},"content":{"rendered":"<p>Die wissenschaftliche Sensation am 10. April diesen Jahres war perfekt: Endlich hatte man den fotografischen Beweis f\u00fcr die Existenz von \u201eSchwarzen L\u00f6chern\u201c gefunden. Dieses Bild ging dabei um die Erde. Mit den Schwarzen L\u00f6chern besitzt der Kosmos r\u00e4tselhafte Objekte.\u00a0\u00a0\u00a0\u00a0\u00a0\u00a0\u00a0\u00a0\u00a0\u00a0 Sie sind eigentlich unsichtbar und &#8211; noch mysteri\u00f6ser -: sie haben keine Ausdehnung! Und das, trotz ihrer Milliarden an Sonnen umfassende Massen. Das ist f\u00fcr uns eigentlich unvorstellbar!<\/p>\n<p>Albert Einstein ahnte durch seine Berechnungen an der Allgemeinen Relativi-t\u00e4tstheorie von ihrer Existenz. Sie sozusagen fotografisch sichtbar zu machen, war bislang unm\u00f6glich. Schwarze L\u00f6cher besitzen die Eigenschaft wegen ihrer gewaltigen Masse auch \u00fcber eine gro\u00dfe Schwerkraft zu verf\u00fcgen. Sie ist so gro\u00df, dass sie regelrecht alles verschlucken, was in ihre N\u00e4he kommt, selbst das Licht. Sie heizen jedoch die Materie, die sie umkreist, auf und bringen sie zum Strah-len. Daher zeigt diese Aufnahme den Schatten in heller Umgebung. Der Schatten ist allerdings nicht das Schwarze Loch selbst, sondern nur die Grenze, hinter der alles auf Nimmerwiedersehen verschwindet.<\/p>\n<p>Hinter der alles verschwindet, das klingt nicht nur d\u00fcster, das ist es auch. Mir schwindelt, wenn ich an ein alles verschlingendes schwarzes Nichts denke. Irgendwie unheimlich und doch auch wieder faszinierend, was es alles um uns herum gibt. Neulich las ich, dass selbst die P\u00e4pstliche Akademie der Wissen-schaften die Sch\u00f6pfung Gottes nicht auf einen blo\u00dfen Akt reduziert. \u201eGott ist kontinuierlich f\u00fcr die Sch\u00f6pfung der Natur verantwortlich\u201c, betonte in einem Zeitungsbericht Guy Consolmago, SJ, Direktor der P\u00e4pstlichen Sternwarte. Darum besch\u00e4ftigt sich die Akademie nicht nur mit dem Anfang des Weltalls, dem Big Bang. Genauso interessant sind f\u00fcr sie daher Schwarze L\u00f6cher und die letztg\u00fcltige Bestimmung unseres Kosmos.<\/p>\n<p>Am 30. Mai feiern wir Christi Himmelfahrt. Das scheint keine Sensation mehr zu sein, wie vor knapp 2000 Jahren. Die Attraktivit\u00e4t dieses Festes nimmt ab und ver\u00e4ndert sich zu einer Art von Vatertags-Volksfest. Doch m\u00fcsste dieses Fest f\u00fcr uns Christ*innen nicht weit mehr an Schwerkraft und Anziehung aus\u00fcben als ein \u201eSchwarzes Loch\u201c und das Festen in bierseliger Runde? Denn hier feiern wir zwar die Erh\u00f6hung Christi, in Wirklichkeit aber seine R\u00fcckkehr zu Gott. Es ist nicht der Aufstieg zu den Sternen, den wir feierlich begehen, sondern wir geben dem Bekenntnis des Glaubenssatz: \u201eAufgefahren in den Himmel\u201c ein feierliches Gepr\u00e4ge. Und Himmel ist nach biblischem Verst\u00e4ndnis die Umschreibung f\u00fcr Gott selbst. Wir gewinnen im Blick zum himmelw\u00e4rts steigenden Christus also die Gewissheit, die Welt endet nicht in einem Schwarzen Loch! Ehrlich, allein dieser Satz l\u00f6st in mir mehr an positiven Gef\u00fchlen und Gedanken aus, als das sensationelle Foto vom Schwarzen Loch. Christi Himmelfahrt \u2013 toll!\u00a0\u00a0\u00a0\u00a0\u00a0\u00a0\u00a0\u00a0\u00a0\u00a0\u00a0\u00a0\u00a0\u00a0\u00a0\u00a0\u00a0\u00a0 <em>Uwe Schindera, Pastoralreferent<\/em><\/p>\n","protected":false},"excerpt":{"rendered":"<p>Die wissenschaftliche Sensation am 10. April diesen Jahres war perfekt: Endlich hatte man den fotografischen Beweis f\u00fcr die Existenz von \u201eSchwarzen L\u00f6chern\u201c gefunden. Dieses Bild ging dabei um die Erde. Mit den Schwarzen L\u00f6chern besitzt der Kosmos r\u00e4tselhafte Objekte.\u00a0\u00a0\u00a0\u00a0\u00a0\u00a0\u00a0\u00a0\u00a0\u00a0 Sie sind eigentlich unsichtbar und &#8211; noch mysteri\u00f6ser -: sie haben keine Ausdehnung! Und das, trotz &hellip; <\/p>\n<p class=\"link-more\"><a href=\"https:\/\/sankt-augustinus-esslingen.de\/?p=1622\" class=\"more-link\"><span class=\"screen-reader-text\">\u201eDas \u201eSchwarze Loch\u201c und Christi Himmelfahrt\u201c <\/span>weiterlesen<\/a><\/p>\n","protected":false},"author":1,"featured_media":1624,"comment_status":"closed","ping_status":"open","sticky":false,"template":"","format":"standard","meta":{"footnotes":""},"categories":[4],"tags":[],"class_list":["post-1622","post","type-post","status-publish","format-standard","has-post-thumbnail","hentry","category-blickpunkt"],"_links":{"self":[{"href":"https:\/\/sankt-augustinus-esslingen.de\/index.php?rest_route=\/wp\/v2\/posts\/1622","targetHints":{"allow":["GET"]}}],"collection":[{"href":"https:\/\/sankt-augustinus-esslingen.de\/index.php?rest_route=\/wp\/v2\/posts"}],"about":[{"href":"https:\/\/sankt-augustinus-esslingen.de\/index.php?rest_route=\/wp\/v2\/types\/post"}],"author":[{"embeddable":true,"href":"https:\/\/sankt-augustinus-esslingen.de\/index.php?rest_route=\/wp\/v2\/users\/1"}],"replies":[{"embeddable":true,"href":"https:\/\/sankt-augustinus-esslingen.de\/index.php?rest_route=%2Fwp%2Fv2%2Fcomments&post=1622"}],"version-history":[{"count":1,"href":"https:\/\/sankt-augustinus-esslingen.de\/index.php?rest_route=\/wp\/v2\/posts\/1622\/revisions"}],"predecessor-version":[{"id":1625,"href":"https:\/\/sankt-augustinus-esslingen.de\/index.php?rest_route=\/wp\/v2\/posts\/1622\/revisions\/1625"}],"wp:featuredmedia":[{"embeddable":true,"href":"https:\/\/sankt-augustinus-esslingen.de\/index.php?rest_route=\/wp\/v2\/media\/1624"}],"wp:attachment":[{"href":"https:\/\/sankt-augustinus-esslingen.de\/index.php?rest_route=%2Fwp%2Fv2%2Fmedia&parent=1622"}],"wp:term":[{"taxonomy":"category","embeddable":true,"href":"https:\/\/sankt-augustinus-esslingen.de\/index.php?rest_route=%2Fwp%2Fv2%2Fcategories&post=1622"},{"taxonomy":"post_tag","embeddable":true,"href":"https:\/\/sankt-augustinus-esslingen.de\/index.php?rest_route=%2Fwp%2Fv2%2Ftags&post=1622"}],"curies":[{"name":"wp","href":"https:\/\/api.w.org\/{rel}","templated":true}]}}