{"id":1614,"date":"2019-05-19T15:00:39","date_gmt":"2019-05-19T13:00:39","guid":{"rendered":"http:\/\/sankt-augustinus-esslingen.de\/?p=1614"},"modified":"2019-06-30T13:18:20","modified_gmt":"2019-06-30T11:18:20","slug":"beichte-oder-seelsorgerliches-gespraech","status":"publish","type":"post","link":"https:\/\/sankt-augustinus-esslingen.de\/?p=1614","title":{"rendered":"Beichte oder Seelsorgerliches Gespr\u00e4ch"},"content":{"rendered":"<p><strong>Angebote in St. Augustinus<\/strong><\/p>\n<p>Wenn Sie au\u00dferhalb der Zeiten samstags in St. Paul ein seelsorgliches Gespr\u00e4ch w\u00fcnschen oder das Sakrament der Vers\u00f6hnung empfangen m\u00f6chten, k\u00f6nnen Sie sich gerne an Pfarrer Peter G. Marx, Telefon: 345 15 91wenden.<\/p>\n<p>Wenn Sie ein seelsorgliches Gespr\u00e4ch oder die Begleitung in Glaubensfragen w\u00fcnschen, k\u00f6nnen Sie sich gerne auch an Gemeindereferentin Gabriele Fischer, Tel. 99 71 40-4 wenden.<\/p>\n","protected":false},"excerpt":{"rendered":"<p>Angebote in St. Augustinus Wenn Sie au\u00dferhalb der Zeiten samstags in St. Paul ein seelsorgliches Gespr\u00e4ch w\u00fcnschen oder das Sakrament der Vers\u00f6hnung empfangen m\u00f6chten, k\u00f6nnen Sie sich gerne an Pfarrer Peter G. Marx, Telefon: 345 15 91wenden. Wenn Sie ein seelsorgliches Gespr\u00e4ch oder die Begleitung in Glaubensfragen w\u00fcnschen, k\u00f6nnen Sie sich gerne auch an Gemeindereferentin &hellip; <\/p>\n<p class=\"link-more\"><a href=\"https:\/\/sankt-augustinus-esslingen.de\/?p=1614\" class=\"more-link\"><span class=\"screen-reader-text\">\u201eBeichte oder Seelsorgerliches Gespr\u00e4ch\u201c <\/span>weiterlesen<\/a><\/p>\n","protected":false},"author":1,"featured_media":0,"comment_status":"closed","ping_status":"open","sticky":false,"template":"","format":"standard","meta":{"footnotes":""},"categories":[4],"tags":[],"class_list":["post-1614","post","type-post","status-publish","format-standard","hentry","category-blickpunkt"],"_links":{"self":[{"href":"https:\/\/sankt-augustinus-esslingen.de\/index.php?rest_route=\/wp\/v2\/posts\/1614","targetHints":{"allow":["GET"]}}],"collection":[{"href":"https:\/\/sankt-augustinus-esslingen.de\/index.php?rest_route=\/wp\/v2\/posts"}],"about":[{"href":"https:\/\/sankt-augustinus-esslingen.de\/index.php?rest_route=\/wp\/v2\/types\/post"}],"author":[{"embeddable":true,"href":"https:\/\/sankt-augustinus-esslingen.de\/index.php?rest_route=\/wp\/v2\/users\/1"}],"replies":[{"embeddable":true,"href":"https:\/\/sankt-augustinus-esslingen.de\/index.php?rest_route=%2Fwp%2Fv2%2Fcomments&post=1614"}],"version-history":[{"count":1,"href":"https:\/\/sankt-augustinus-esslingen.de\/index.php?rest_route=\/wp\/v2\/posts\/1614\/revisions"}],"predecessor-version":[{"id":1615,"href":"https:\/\/sankt-augustinus-esslingen.de\/index.php?rest_route=\/wp\/v2\/posts\/1614\/revisions\/1615"}],"wp:attachment":[{"href":"https:\/\/sankt-augustinus-esslingen.de\/index.php?rest_route=%2Fwp%2Fv2%2Fmedia&parent=1614"}],"wp:term":[{"taxonomy":"category","embeddable":true,"href":"https:\/\/sankt-augustinus-esslingen.de\/index.php?rest_route=%2Fwp%2Fv2%2Fcategories&post=1614"},{"taxonomy":"post_tag","embeddable":true,"href":"https:\/\/sankt-augustinus-esslingen.de\/index.php?rest_route=%2Fwp%2Fv2%2Ftags&post=1614"}],"curies":[{"name":"wp","href":"https:\/\/api.w.org\/{rel}","templated":true}]}}