{"id":1612,"date":"2019-04-19T17:55:09","date_gmt":"2019-04-19T15:55:09","guid":{"rendered":"http:\/\/sankt-augustinus-esslingen.de\/?p=1612"},"modified":"2019-05-19T13:12:51","modified_gmt":"2019-05-19T11:12:51","slug":"fuer-die-seniorinnen-im-mai","status":"publish","type":"post","link":"https:\/\/sankt-augustinus-esslingen.de\/?p=1612","title":{"rendered":"F\u00fcr die Senior*innen im Mai"},"content":{"rendered":"<p>Dienstag, 07. Mai um 14.30 Uhr, Sitzt\u00e4nze mit Ulrike Hei\u00dfenb\u00fcttel im Saal unter der Christuskirche.<\/p>\n<p>Mittwoch, 22. Mai um 14.00 Uhr feiert Frau Christa Appenzeller mit den Senior*innen vom Zollberg und den Frauenkreisen der Gemeinden Berkheim und Denkendorf eine Maiandacht in der Kirche St. Augustinus auf dem Zollberg. Anschlie\u00dfend sind alle ganz herzlich zu Kaffee und Kuchen in unseren Gemeindesaal eingeladen.<\/p>\n","protected":false},"excerpt":{"rendered":"<p>Dienstag, 07. Mai um 14.30 Uhr, Sitzt\u00e4nze mit Ulrike Hei\u00dfenb\u00fcttel im Saal unter der Christuskirche. Mittwoch, 22. Mai um 14.00 Uhr feiert Frau Christa Appenzeller mit den Senior*innen vom Zollberg und den Frauenkreisen der Gemeinden Berkheim und Denkendorf eine Maiandacht in der Kirche St. Augustinus auf dem Zollberg. Anschlie\u00dfend sind alle ganz herzlich zu Kaffee &hellip; <\/p>\n<p class=\"link-more\"><a href=\"https:\/\/sankt-augustinus-esslingen.de\/?p=1612\" class=\"more-link\"><span class=\"screen-reader-text\">\u201eF\u00fcr die Senior*innen im Mai\u201c <\/span>weiterlesen<\/a><\/p>\n","protected":false},"author":1,"featured_media":0,"comment_status":"closed","ping_status":"open","sticky":false,"template":"","format":"standard","meta":{"footnotes":""},"categories":[4],"tags":[],"class_list":["post-1612","post","type-post","status-publish","format-standard","hentry","category-blickpunkt"],"_links":{"self":[{"href":"https:\/\/sankt-augustinus-esslingen.de\/index.php?rest_route=\/wp\/v2\/posts\/1612","targetHints":{"allow":["GET"]}}],"collection":[{"href":"https:\/\/sankt-augustinus-esslingen.de\/index.php?rest_route=\/wp\/v2\/posts"}],"about":[{"href":"https:\/\/sankt-augustinus-esslingen.de\/index.php?rest_route=\/wp\/v2\/types\/post"}],"author":[{"embeddable":true,"href":"https:\/\/sankt-augustinus-esslingen.de\/index.php?rest_route=\/wp\/v2\/users\/1"}],"replies":[{"embeddable":true,"href":"https:\/\/sankt-augustinus-esslingen.de\/index.php?rest_route=%2Fwp%2Fv2%2Fcomments&post=1612"}],"version-history":[{"count":1,"href":"https:\/\/sankt-augustinus-esslingen.de\/index.php?rest_route=\/wp\/v2\/posts\/1612\/revisions"}],"predecessor-version":[{"id":1613,"href":"https:\/\/sankt-augustinus-esslingen.de\/index.php?rest_route=\/wp\/v2\/posts\/1612\/revisions\/1613"}],"wp:attachment":[{"href":"https:\/\/sankt-augustinus-esslingen.de\/index.php?rest_route=%2Fwp%2Fv2%2Fmedia&parent=1612"}],"wp:term":[{"taxonomy":"category","embeddable":true,"href":"https:\/\/sankt-augustinus-esslingen.de\/index.php?rest_route=%2Fwp%2Fv2%2Fcategories&post=1612"},{"taxonomy":"post_tag","embeddable":true,"href":"https:\/\/sankt-augustinus-esslingen.de\/index.php?rest_route=%2Fwp%2Fv2%2Ftags&post=1612"}],"curies":[{"name":"wp","href":"https:\/\/api.w.org\/{rel}","templated":true}]}}