{"id":1607,"date":"2019-04-19T17:51:32","date_gmt":"2019-04-19T15:51:32","guid":{"rendered":"http:\/\/sankt-augustinus-esslingen.de\/?p=1607"},"modified":"2019-05-19T13:12:44","modified_gmt":"2019-05-19T11:12:44","slug":"urban-hartmeyer-zum-gedenken","status":"publish","type":"post","link":"https:\/\/sankt-augustinus-esslingen.de\/?p=1607","title":{"rendered":"Urban Hartmeyer zum Gedenken"},"content":{"rendered":"<p>Nachruf von Karl Seibold zum Tod von Urban Hartmeyer (8. April 2019):<\/p>\n<p>\u201eNicht unerwartet wurde er von Gott nach einem sehr christlichen, engagierten und erf\u00fcllten Leben in die Ewigkeit gerufen. Wir sind traurig und bewegt vom Heimgang unseres treuen Freundes Urban und vermissen ihn.<\/p>\n<p>Die KAB und auch unsere Kirchengemeinde hat dem Verstorbenen viel zu verdanken. Vor 59 Jahren wurde unser lieber Urban Mitglied der KAB. Er war mit Leib und Seele f\u00fcr die KAB t\u00e4tig. Viele Jahrzehnte war er im Vorstand und als Kassier in der Gruppe Zollberg, aber auch im Bezirksvorstand t\u00e4tig. Trotz seiner Krankheit hat er bis vor zwei Jahren als Kassier und Zusteller unserer monatlichen Verbands-zeitung die Mitglieder betreut.<\/p>\n<p>Auch bei den Arbeitseins\u00e4tzen in der Kirchengemeinde hat er immer tatkr\u00e4ftig mitgeholfen. Wir haben unserem lieben Urban zu danken f\u00fcr seinen Einsatz und sein Eintreten f\u00fcr Soziale Gerechtigkeit und die katholische Soziallehre, aber auch f\u00fcr die vielen sch\u00f6nen Stunden und Freizeiten, die wir mit ihm auch in 35 Jahre in der KAB Kegelgruppe verbringen durften.<\/p>\n<p>Seine Lebensfreude und allzeit hilfsbereite Art kamen von einem \u00fcberzeugten Christsein. M\u00f6ge Gott unser Vater ihm alles reichlich lohnen. Nicht vergessen werden soll der Dank an seine liebe Frau und Kinder, Ihnen gilt unser Mitgef\u00fchl, herzliche Anteilnahme und F\u00fcrbitte. Unser lieber Urban ruhe in Frieden.<\/p>\n<p>Der lebendige Gott schenke ihm das ewige Leben!\u201c<\/p>\n","protected":false},"excerpt":{"rendered":"<p>Nachruf von Karl Seibold zum Tod von Urban Hartmeyer (8. April 2019): \u201eNicht unerwartet wurde er von Gott nach einem sehr christlichen, engagierten und erf\u00fcllten Leben in die Ewigkeit gerufen. Wir sind traurig und bewegt vom Heimgang unseres treuen Freundes Urban und vermissen ihn. Die KAB und auch unsere Kirchengemeinde hat dem Verstorbenen viel zu &hellip; <\/p>\n<p class=\"link-more\"><a href=\"https:\/\/sankt-augustinus-esslingen.de\/?p=1607\" class=\"more-link\"><span class=\"screen-reader-text\">\u201eUrban Hartmeyer zum Gedenken\u201c <\/span>weiterlesen<\/a><\/p>\n","protected":false},"author":1,"featured_media":1395,"comment_status":"closed","ping_status":"open","sticky":false,"template":"","format":"standard","meta":{"footnotes":""},"categories":[4],"tags":[],"class_list":["post-1607","post","type-post","status-publish","format-standard","has-post-thumbnail","hentry","category-blickpunkt"],"_links":{"self":[{"href":"https:\/\/sankt-augustinus-esslingen.de\/index.php?rest_route=\/wp\/v2\/posts\/1607","targetHints":{"allow":["GET"]}}],"collection":[{"href":"https:\/\/sankt-augustinus-esslingen.de\/index.php?rest_route=\/wp\/v2\/posts"}],"about":[{"href":"https:\/\/sankt-augustinus-esslingen.de\/index.php?rest_route=\/wp\/v2\/types\/post"}],"author":[{"embeddable":true,"href":"https:\/\/sankt-augustinus-esslingen.de\/index.php?rest_route=\/wp\/v2\/users\/1"}],"replies":[{"embeddable":true,"href":"https:\/\/sankt-augustinus-esslingen.de\/index.php?rest_route=%2Fwp%2Fv2%2Fcomments&post=1607"}],"version-history":[{"count":2,"href":"https:\/\/sankt-augustinus-esslingen.de\/index.php?rest_route=\/wp\/v2\/posts\/1607\/revisions"}],"predecessor-version":[{"id":1611,"href":"https:\/\/sankt-augustinus-esslingen.de\/index.php?rest_route=\/wp\/v2\/posts\/1607\/revisions\/1611"}],"wp:featuredmedia":[{"embeddable":true,"href":"https:\/\/sankt-augustinus-esslingen.de\/index.php?rest_route=\/wp\/v2\/media\/1395"}],"wp:attachment":[{"href":"https:\/\/sankt-augustinus-esslingen.de\/index.php?rest_route=%2Fwp%2Fv2%2Fmedia&parent=1607"}],"wp:term":[{"taxonomy":"category","embeddable":true,"href":"https:\/\/sankt-augustinus-esslingen.de\/index.php?rest_route=%2Fwp%2Fv2%2Fcategories&post=1607"},{"taxonomy":"post_tag","embeddable":true,"href":"https:\/\/sankt-augustinus-esslingen.de\/index.php?rest_route=%2Fwp%2Fv2%2Ftags&post=1607"}],"curies":[{"name":"wp","href":"https:\/\/api.w.org\/{rel}","templated":true}]}}