{"id":1599,"date":"2019-04-19T17:46:24","date_gmt":"2019-04-19T15:46:24","guid":{"rendered":"http:\/\/sankt-augustinus-esslingen.de\/?p=1599"},"modified":"2019-05-19T13:12:56","modified_gmt":"2019-05-19T11:12:56","slug":"in-aller-kuerze","status":"publish","type":"post","link":"https:\/\/sankt-augustinus-esslingen.de\/?p=1599","title":{"rendered":"In aller K\u00fcrze"},"content":{"rendered":"<p><em><strong>Fairtrade <\/strong><\/em><\/p>\n<p>ab sofort verwenden wir in der Gemeinde bei Veranstaltungen nur noch Kaffee und Schwarztee, die das Fairtrade Siegel tragen!<\/p>\n<p><em><strong>regionale Produktion<\/strong><\/em><\/p>\n<p>Und wir achten darauf bei Eink\u00e4ufen f\u00fcr Essen auf regionale Produktion zu achten bzw. Bio-Qualit\u00e4t zu kaufen.<\/p>\n<p>Beide Ma\u00dfnahmen hat der Kirchengemeinderat in seiner letzten Sitzung beschlossen. Sie sollen ein Beitrag f\u00fcr mehr Verteilungsgerechtigkeit und Nachhaltigkeit sein.<\/p>\n<p><em><strong>Gottesdienstseiten im Blickpunkt<\/strong><\/em><\/p>\n<p>Manche von Ihnen \u00e4rgern sich immer wieder dar\u00fcber, dass die Gottesdienst-seiten der Gesamtkirchengemeinde im BLICKPUNKT so schwierig zu lesen sind. Wir haben den einfachen Tipp f\u00fcr Sie. Trennen Sie die Mittelseiten mit<\/p>\n<p>den Gottesdiensttabellen heraus und schon lassen sich diese ganz einfach lesen!<\/p>\n","protected":false},"excerpt":{"rendered":"<p>Fairtrade ab sofort verwenden wir in der Gemeinde bei Veranstaltungen nur noch Kaffee und Schwarztee, die das Fairtrade Siegel tragen! regionale Produktion Und wir achten darauf bei Eink\u00e4ufen f\u00fcr Essen auf regionale Produktion zu achten bzw. Bio-Qualit\u00e4t zu kaufen. Beide Ma\u00dfnahmen hat der Kirchengemeinderat in seiner letzten Sitzung beschlossen. Sie sollen ein Beitrag f\u00fcr mehr &hellip; <\/p>\n<p class=\"link-more\"><a href=\"https:\/\/sankt-augustinus-esslingen.de\/?p=1599\" class=\"more-link\"><span class=\"screen-reader-text\">\u201eIn aller K\u00fcrze\u201c <\/span>weiterlesen<\/a><\/p>\n","protected":false},"author":1,"featured_media":1601,"comment_status":"closed","ping_status":"open","sticky":false,"template":"","format":"standard","meta":{"footnotes":""},"categories":[4],"tags":[],"class_list":["post-1599","post","type-post","status-publish","format-standard","has-post-thumbnail","hentry","category-blickpunkt"],"_links":{"self":[{"href":"https:\/\/sankt-augustinus-esslingen.de\/index.php?rest_route=\/wp\/v2\/posts\/1599","targetHints":{"allow":["GET"]}}],"collection":[{"href":"https:\/\/sankt-augustinus-esslingen.de\/index.php?rest_route=\/wp\/v2\/posts"}],"about":[{"href":"https:\/\/sankt-augustinus-esslingen.de\/index.php?rest_route=\/wp\/v2\/types\/post"}],"author":[{"embeddable":true,"href":"https:\/\/sankt-augustinus-esslingen.de\/index.php?rest_route=\/wp\/v2\/users\/1"}],"replies":[{"embeddable":true,"href":"https:\/\/sankt-augustinus-esslingen.de\/index.php?rest_route=%2Fwp%2Fv2%2Fcomments&post=1599"}],"version-history":[{"count":1,"href":"https:\/\/sankt-augustinus-esslingen.de\/index.php?rest_route=\/wp\/v2\/posts\/1599\/revisions"}],"predecessor-version":[{"id":1603,"href":"https:\/\/sankt-augustinus-esslingen.de\/index.php?rest_route=\/wp\/v2\/posts\/1599\/revisions\/1603"}],"wp:featuredmedia":[{"embeddable":true,"href":"https:\/\/sankt-augustinus-esslingen.de\/index.php?rest_route=\/wp\/v2\/media\/1601"}],"wp:attachment":[{"href":"https:\/\/sankt-augustinus-esslingen.de\/index.php?rest_route=%2Fwp%2Fv2%2Fmedia&parent=1599"}],"wp:term":[{"taxonomy":"category","embeddable":true,"href":"https:\/\/sankt-augustinus-esslingen.de\/index.php?rest_route=%2Fwp%2Fv2%2Fcategories&post=1599"},{"taxonomy":"post_tag","embeddable":true,"href":"https:\/\/sankt-augustinus-esslingen.de\/index.php?rest_route=%2Fwp%2Fv2%2Ftags&post=1599"}],"curies":[{"name":"wp","href":"https:\/\/api.w.org\/{rel}","templated":true}]}}