{"id":1583,"date":"2019-04-19T11:21:02","date_gmt":"2019-04-19T09:21:02","guid":{"rendered":"http:\/\/sankt-augustinus-esslingen.de\/?p=1583"},"modified":"2019-05-19T13:12:04","modified_gmt":"2019-05-19T11:12:04","slug":"cafe-flandern-19-mai","status":"publish","type":"post","link":"https:\/\/sankt-augustinus-esslingen.de\/?p=1583","title":{"rendered":"Caf\u00e9 Flandern  19. Mai"},"content":{"rendered":"<p>Das <strong>Caf\u00e9 Flandern<\/strong>, Flandernstr. 49,\u00a0ist ein Ort der Begegnung von Menschen mit und ohne Behinderung.<\/p>\n<p>Es hat am Sonntag <strong>19. Mai<\/strong> von 14.00-17.00 Uhr wieder ge\u00f6ffnet. Lassen Sie sich in gem\u00fctlicher Atmosph\u00e4re von Menschen mit Handicap verw\u00f6hnen.<\/p>\n<p>\u00d6ffentlich zu erreichen mit Bus 105, Haltestelle: Am sch\u00f6nen Rain.<\/p>\n","protected":false},"excerpt":{"rendered":"<p>Das Caf\u00e9 Flandern, Flandernstr. 49,\u00a0ist ein Ort der Begegnung von Menschen mit und ohne Behinderung. Es hat am Sonntag 19. Mai von 14.00-17.00 Uhr wieder ge\u00f6ffnet. Lassen Sie sich in gem\u00fctlicher Atmosph\u00e4re von Menschen mit Handicap verw\u00f6hnen. \u00d6ffentlich zu erreichen mit Bus 105, Haltestelle: Am sch\u00f6nen Rain.<\/p>\n","protected":false},"author":1,"featured_media":1249,"comment_status":"closed","ping_status":"open","sticky":false,"template":"","format":"standard","meta":{"footnotes":""},"categories":[4],"tags":[],"class_list":["post-1583","post","type-post","status-publish","format-standard","has-post-thumbnail","hentry","category-blickpunkt"],"_links":{"self":[{"href":"https:\/\/sankt-augustinus-esslingen.de\/index.php?rest_route=\/wp\/v2\/posts\/1583","targetHints":{"allow":["GET"]}}],"collection":[{"href":"https:\/\/sankt-augustinus-esslingen.de\/index.php?rest_route=\/wp\/v2\/posts"}],"about":[{"href":"https:\/\/sankt-augustinus-esslingen.de\/index.php?rest_route=\/wp\/v2\/types\/post"}],"author":[{"embeddable":true,"href":"https:\/\/sankt-augustinus-esslingen.de\/index.php?rest_route=\/wp\/v2\/users\/1"}],"replies":[{"embeddable":true,"href":"https:\/\/sankt-augustinus-esslingen.de\/index.php?rest_route=%2Fwp%2Fv2%2Fcomments&post=1583"}],"version-history":[{"count":1,"href":"https:\/\/sankt-augustinus-esslingen.de\/index.php?rest_route=\/wp\/v2\/posts\/1583\/revisions"}],"predecessor-version":[{"id":1584,"href":"https:\/\/sankt-augustinus-esslingen.de\/index.php?rest_route=\/wp\/v2\/posts\/1583\/revisions\/1584"}],"wp:featuredmedia":[{"embeddable":true,"href":"https:\/\/sankt-augustinus-esslingen.de\/index.php?rest_route=\/wp\/v2\/media\/1249"}],"wp:attachment":[{"href":"https:\/\/sankt-augustinus-esslingen.de\/index.php?rest_route=%2Fwp%2Fv2%2Fmedia&parent=1583"}],"wp:term":[{"taxonomy":"category","embeddable":true,"href":"https:\/\/sankt-augustinus-esslingen.de\/index.php?rest_route=%2Fwp%2Fv2%2Fcategories&post=1583"},{"taxonomy":"post_tag","embeddable":true,"href":"https:\/\/sankt-augustinus-esslingen.de\/index.php?rest_route=%2Fwp%2Fv2%2Ftags&post=1583"}],"curies":[{"name":"wp","href":"https:\/\/api.w.org\/{rel}","templated":true}]}}