{"id":1574,"date":"2019-04-19T11:09:29","date_gmt":"2019-04-19T09:09:29","guid":{"rendered":"http:\/\/sankt-augustinus-esslingen.de\/?p=1574"},"modified":"2019-05-19T13:10:38","modified_gmt":"2019-05-19T11:10:38","slug":"glauben-leben-teilen-eine-neue-gruppe-beginnt","status":"publish","type":"post","link":"https:\/\/sankt-augustinus-esslingen.de\/?p=1574","title":{"rendered":"Glauben Leben Teilen,   \u2013 eine neue Gruppe beginnt!"},"content":{"rendered":"<p>\u201eGlauben Leben Teilen\u201c, das bedeutet:<\/p>\n<ul>\n<li>\u2026 mit anderen Christen, denen ihr Glaube etwas bedeutet, \u00fcber den Glauben und das Leben ins Gespr\u00e4ch kommen,<\/li>\n<li>\u2026 die Freuden und die Lasten des Lebens, die Fragen und Antworten in unserem Glauben mit anderen teilen,<\/li>\n<li>\u2026 mit anderen \u00fcber die Bibel und alle Fragen rund um den Glauben diskutieren und dazu lernen, aber auch miteinander singen und beten.<\/li>\n<\/ul>\n<p>Dies alles tun wir in einer Gruppe, die sich regelm\u00e4\u00dfig monatlich trifft. Seit 2014 gibt es eine solche Gruppe bei uns, die Mitglieder m\u00f6chten sie nicht mehr missen. Nun haben sich weitere Interessierte gemeldet. Deshalb laden wir zu einer zweiten Glauben &#8211; Leben- Teilen- Gruppe ein.<\/p>\n<p>Das erste Treffen der neuen Gruppe ist am <strong>Montag, 3. Juni 2019 um 19.30 Uhr\u00a0<\/strong>im Salemer Pfleghof, Untere Beutau 8-10, Kaiserzimmer (2. Stock).<\/p>\n<p>Die Treffen sollen regelm\u00e4\u00dfig monatlich am Montag Abend stattfinden.<\/p>\n<p>Geleitet wird die Gruppe von Pfarrer Stefan M\u00f6hler. Er steht auch gerne f\u00fcr Informationen zur Verf\u00fcgung: Tel. 39 69 190, E-Mail: <a href=\"mailto:stefan.moehler@drs.de\">stefan.moehler@drs.de<\/a><\/p>\n<p>Alle Interessierten sind herzlich eingeladen!<\/p>\n<p>Sie d\u00fcrfen gerne kommen, auch wenn Sie nicht sicher sind, ob die Gruppe f\u00fcr Sie das richtige ist, oder ob Sie regelm\u00e4\u00dfig kommen m\u00f6chten. Am Ende des Abends sprechen wir dar\u00fcber, ob und wie es weitergeht.<\/p>\n<p>Wenn Sie Interesse, aber am 3. Juni keine Zeit haben, dann melden Sie sich bitte bei Pfarrer M\u00f6hler. Dann werden Sie \u00fcber die folgenden Treffen informiert.<\/p>\n","protected":false},"excerpt":{"rendered":"<p>\u201eGlauben Leben Teilen\u201c, das bedeutet: \u2026 mit anderen Christen, denen ihr Glaube etwas bedeutet, \u00fcber den Glauben und das Leben ins Gespr\u00e4ch kommen, \u2026 die Freuden und die Lasten des Lebens, die Fragen und Antworten in unserem Glauben mit anderen teilen, \u2026 mit anderen \u00fcber die Bibel und alle Fragen rund um den Glauben diskutieren &hellip; <\/p>\n<p class=\"link-more\"><a href=\"https:\/\/sankt-augustinus-esslingen.de\/?p=1574\" class=\"more-link\"><span class=\"screen-reader-text\">\u201eGlauben Leben Teilen,   \u2013 eine neue Gruppe beginnt!\u201c <\/span>weiterlesen<\/a><\/p>\n","protected":false},"author":1,"featured_media":1191,"comment_status":"closed","ping_status":"open","sticky":false,"template":"","format":"standard","meta":{"footnotes":""},"categories":[4],"tags":[],"class_list":["post-1574","post","type-post","status-publish","format-standard","has-post-thumbnail","hentry","category-blickpunkt"],"_links":{"self":[{"href":"https:\/\/sankt-augustinus-esslingen.de\/index.php?rest_route=\/wp\/v2\/posts\/1574","targetHints":{"allow":["GET"]}}],"collection":[{"href":"https:\/\/sankt-augustinus-esslingen.de\/index.php?rest_route=\/wp\/v2\/posts"}],"about":[{"href":"https:\/\/sankt-augustinus-esslingen.de\/index.php?rest_route=\/wp\/v2\/types\/post"}],"author":[{"embeddable":true,"href":"https:\/\/sankt-augustinus-esslingen.de\/index.php?rest_route=\/wp\/v2\/users\/1"}],"replies":[{"embeddable":true,"href":"https:\/\/sankt-augustinus-esslingen.de\/index.php?rest_route=%2Fwp%2Fv2%2Fcomments&post=1574"}],"version-history":[{"count":1,"href":"https:\/\/sankt-augustinus-esslingen.de\/index.php?rest_route=\/wp\/v2\/posts\/1574\/revisions"}],"predecessor-version":[{"id":1575,"href":"https:\/\/sankt-augustinus-esslingen.de\/index.php?rest_route=\/wp\/v2\/posts\/1574\/revisions\/1575"}],"wp:featuredmedia":[{"embeddable":true,"href":"https:\/\/sankt-augustinus-esslingen.de\/index.php?rest_route=\/wp\/v2\/media\/1191"}],"wp:attachment":[{"href":"https:\/\/sankt-augustinus-esslingen.de\/index.php?rest_route=%2Fwp%2Fv2%2Fmedia&parent=1574"}],"wp:term":[{"taxonomy":"category","embeddable":true,"href":"https:\/\/sankt-augustinus-esslingen.de\/index.php?rest_route=%2Fwp%2Fv2%2Fcategories&post=1574"},{"taxonomy":"post_tag","embeddable":true,"href":"https:\/\/sankt-augustinus-esslingen.de\/index.php?rest_route=%2Fwp%2Fv2%2Ftags&post=1574"}],"curies":[{"name":"wp","href":"https:\/\/api.w.org\/{rel}","templated":true}]}}