{"id":1572,"date":"2019-04-19T11:08:23","date_gmt":"2019-04-19T09:08:23","guid":{"rendered":"http:\/\/sankt-augustinus-esslingen.de\/?p=1572"},"modified":"2019-05-19T13:10:32","modified_gmt":"2019-05-19T11:10:32","slug":"frauenfruehstueck-am-4-mai-2019","status":"publish","type":"post","link":"https:\/\/sankt-augustinus-esslingen.de\/?p=1572","title":{"rendered":"Frauenfr\u00fchst\u00fcck am 4. Mai 2019"},"content":{"rendered":"<p><strong>Neu in der Katholischen Kirche Esslingen: <\/strong><\/p>\n<p>Ein liebevoll zusammengestelltes Fr\u00fchst\u00fccksbuffet, ein interessantes Programm, Zeit f\u00fcr Begegnungen und Gespr\u00e4che in froher Runde \u2013 all das erwartet interessierte Frauen jeden Alters bei unserem neuen Angebot:<\/p>\n<p>Erstmals laden wir ein zum Frauenfr\u00fchst\u00fcck f\u00fcr Leib und Seele am<\/p>\n<p>Samstag, 4. Mai 2019 von 9.00 bis 11.30 Uhr im Salemer Pfleghof, Untere Beutau 8-10.<\/p>\n<p>Passend zum Wonnemonat Mai h\u00f6ren wir literarische und musikalische Beitr\u00e4ge, zusammengestellt und vorgetragen von Sabine I. Bartel und Dr. Waltraud Falard-eau. F\u00fcr das Fr\u00fchst\u00fcck und das Programm erbitten wir einen Kostenbeitrag von 8,00 \u20ac pro Person. Zus\u00e4tzlich h\u00e4lt der Buchdienst Wernau eine kleine Auswahl seines Sortiments zum Erwerb bereit.<\/p>\n<p>Wir bitten um <strong>Anmeldung<\/strong> bis 25. April an die Katholische Erwachsenenbildung keb, Tel. 0711 382174 oder Mail <a href=\"mailto:info@keb-esslingen.de\">info@keb-esslingen.de<\/a>. Dort erhalten Sie auch bei Bedarf weitere Informationen.<\/p>\n<p>Das n\u00e4chste Frauenfr\u00fchst\u00fcck im Salemer Pfleghof ist bereits geplant, es wird am 12. Oktober 2019 sein.<\/p>\n<p>Wir freuen uns auf Ihr Kommen!<\/p>\n<p>Das Vorbereitungsteam und Pfarrer Stefan M\u00f6hler<\/p>\n","protected":false},"excerpt":{"rendered":"<p>Neu in der Katholischen Kirche Esslingen: Ein liebevoll zusammengestelltes Fr\u00fchst\u00fccksbuffet, ein interessantes Programm, Zeit f\u00fcr Begegnungen und Gespr\u00e4che in froher Runde \u2013 all das erwartet interessierte Frauen jeden Alters bei unserem neuen Angebot: Erstmals laden wir ein zum Frauenfr\u00fchst\u00fcck f\u00fcr Leib und Seele am Samstag, 4. Mai 2019 von 9.00 bis 11.30 Uhr im Salemer &hellip; <\/p>\n<p class=\"link-more\"><a href=\"https:\/\/sankt-augustinus-esslingen.de\/?p=1572\" class=\"more-link\"><span class=\"screen-reader-text\">\u201eFrauenfr\u00fchst\u00fcck am 4. Mai 2019\u201c <\/span>weiterlesen<\/a><\/p>\n","protected":false},"author":1,"featured_media":1191,"comment_status":"closed","ping_status":"open","sticky":false,"template":"","format":"standard","meta":{"footnotes":""},"categories":[4],"tags":[],"class_list":["post-1572","post","type-post","status-publish","format-standard","has-post-thumbnail","hentry","category-blickpunkt"],"_links":{"self":[{"href":"https:\/\/sankt-augustinus-esslingen.de\/index.php?rest_route=\/wp\/v2\/posts\/1572","targetHints":{"allow":["GET"]}}],"collection":[{"href":"https:\/\/sankt-augustinus-esslingen.de\/index.php?rest_route=\/wp\/v2\/posts"}],"about":[{"href":"https:\/\/sankt-augustinus-esslingen.de\/index.php?rest_route=\/wp\/v2\/types\/post"}],"author":[{"embeddable":true,"href":"https:\/\/sankt-augustinus-esslingen.de\/index.php?rest_route=\/wp\/v2\/users\/1"}],"replies":[{"embeddable":true,"href":"https:\/\/sankt-augustinus-esslingen.de\/index.php?rest_route=%2Fwp%2Fv2%2Fcomments&post=1572"}],"version-history":[{"count":1,"href":"https:\/\/sankt-augustinus-esslingen.de\/index.php?rest_route=\/wp\/v2\/posts\/1572\/revisions"}],"predecessor-version":[{"id":1573,"href":"https:\/\/sankt-augustinus-esslingen.de\/index.php?rest_route=\/wp\/v2\/posts\/1572\/revisions\/1573"}],"wp:featuredmedia":[{"embeddable":true,"href":"https:\/\/sankt-augustinus-esslingen.de\/index.php?rest_route=\/wp\/v2\/media\/1191"}],"wp:attachment":[{"href":"https:\/\/sankt-augustinus-esslingen.de\/index.php?rest_route=%2Fwp%2Fv2%2Fmedia&parent=1572"}],"wp:term":[{"taxonomy":"category","embeddable":true,"href":"https:\/\/sankt-augustinus-esslingen.de\/index.php?rest_route=%2Fwp%2Fv2%2Fcategories&post=1572"},{"taxonomy":"post_tag","embeddable":true,"href":"https:\/\/sankt-augustinus-esslingen.de\/index.php?rest_route=%2Fwp%2Fv2%2Ftags&post=1572"}],"curies":[{"name":"wp","href":"https:\/\/api.w.org\/{rel}","templated":true}]}}