{"id":1562,"date":"2019-04-19T11:02:22","date_gmt":"2019-04-19T09:02:22","guid":{"rendered":"http:\/\/sankt-augustinus-esslingen.de\/?p=1562"},"modified":"2019-05-19T13:10:06","modified_gmt":"2019-05-19T11:10:06","slug":"miteinander-fuer-europa","status":"publish","type":"post","link":"https:\/\/sankt-augustinus-esslingen.de\/?p=1562","title":{"rendered":"Miteinander f\u00fcr Europa"},"content":{"rendered":"<p><strong>Freitag, 03. Mai, CVJM Esslingen, <\/strong>Kiesstr. 3-5, Esslingen<\/p>\n<p><strong>18.00-18.30 Uhr, <\/strong>(kleiner Saal)<strong>, Gebet f\u00fcr Europa <\/strong>mit Dekan Bernd Wei\u00dfenborn, Pfr. Stefan M\u00f6hler, Gerhard Pro\u00df, u.a.<\/p>\n<p><strong>19.00 Uhr, <\/strong>(gro\u00dfer Saal),<strong> Die Wurzeln Europas, <\/strong>Jeff Fountain, Direktor Schuhmann Center, Amsterdam<\/p>\n<p><strong>Europa vor der Wahl, <\/strong><\/p>\n<ul>\n<li>Evelyne Gebhardt, Vizepr\u00e4sidentin EU-Parlament, SPD<\/li>\n<li>Andreas Deuschle, MdL, CDU<\/li>\n<li>Nicolas Fink, MdL, SPD<\/li>\n<li>Andrea Lindlohr, MdL, GR\u00dcNE<\/li>\n<\/ul>\n<p>&nbsp;<\/p>\n<p>Internationale Tanzgruppe aus dem CVJM Jugendtreff Makarios<\/p>\n<p><strong>Mit Empfang und Zeit zum Austausch.<\/strong><\/p>\n","protected":false},"excerpt":{"rendered":"<p>Freitag, 03. Mai, CVJM Esslingen, Kiesstr. 3-5, Esslingen 18.00-18.30 Uhr, (kleiner Saal), Gebet f\u00fcr Europa mit Dekan Bernd Wei\u00dfenborn, Pfr. Stefan M\u00f6hler, Gerhard Pro\u00df, u.a. 19.00 Uhr, (gro\u00dfer Saal), Die Wurzeln Europas, Jeff Fountain, Direktor Schuhmann Center, Amsterdam Europa vor der Wahl, Evelyne Gebhardt, Vizepr\u00e4sidentin EU-Parlament, SPD Andreas Deuschle, MdL, CDU Nicolas Fink, MdL, SPD &hellip; <\/p>\n<p class=\"link-more\"><a href=\"https:\/\/sankt-augustinus-esslingen.de\/?p=1562\" class=\"more-link\"><span class=\"screen-reader-text\">\u201eMiteinander f\u00fcr Europa\u201c <\/span>weiterlesen<\/a><\/p>\n","protected":false},"author":1,"featured_media":1563,"comment_status":"closed","ping_status":"open","sticky":false,"template":"","format":"standard","meta":{"footnotes":""},"categories":[4],"tags":[],"class_list":["post-1562","post","type-post","status-publish","format-standard","has-post-thumbnail","hentry","category-blickpunkt"],"_links":{"self":[{"href":"https:\/\/sankt-augustinus-esslingen.de\/index.php?rest_route=\/wp\/v2\/posts\/1562","targetHints":{"allow":["GET"]}}],"collection":[{"href":"https:\/\/sankt-augustinus-esslingen.de\/index.php?rest_route=\/wp\/v2\/posts"}],"about":[{"href":"https:\/\/sankt-augustinus-esslingen.de\/index.php?rest_route=\/wp\/v2\/types\/post"}],"author":[{"embeddable":true,"href":"https:\/\/sankt-augustinus-esslingen.de\/index.php?rest_route=\/wp\/v2\/users\/1"}],"replies":[{"embeddable":true,"href":"https:\/\/sankt-augustinus-esslingen.de\/index.php?rest_route=%2Fwp%2Fv2%2Fcomments&post=1562"}],"version-history":[{"count":1,"href":"https:\/\/sankt-augustinus-esslingen.de\/index.php?rest_route=\/wp\/v2\/posts\/1562\/revisions"}],"predecessor-version":[{"id":1564,"href":"https:\/\/sankt-augustinus-esslingen.de\/index.php?rest_route=\/wp\/v2\/posts\/1562\/revisions\/1564"}],"wp:featuredmedia":[{"embeddable":true,"href":"https:\/\/sankt-augustinus-esslingen.de\/index.php?rest_route=\/wp\/v2\/media\/1563"}],"wp:attachment":[{"href":"https:\/\/sankt-augustinus-esslingen.de\/index.php?rest_route=%2Fwp%2Fv2%2Fmedia&parent=1562"}],"wp:term":[{"taxonomy":"category","embeddable":true,"href":"https:\/\/sankt-augustinus-esslingen.de\/index.php?rest_route=%2Fwp%2Fv2%2Fcategories&post=1562"},{"taxonomy":"post_tag","embeddable":true,"href":"https:\/\/sankt-augustinus-esslingen.de\/index.php?rest_route=%2Fwp%2Fv2%2Ftags&post=1562"}],"curies":[{"name":"wp","href":"https:\/\/api.w.org\/{rel}","templated":true}]}}