{"id":1517,"date":"2019-04-19T18:07:43","date_gmt":"2019-04-19T16:07:43","guid":{"rendered":"http:\/\/sankt-augustinus-esslingen.de\/?p=1517"},"modified":"2019-05-19T13:13:25","modified_gmt":"2019-05-19T11:13:25","slug":"wir-feiern-kirchenjubilaeum","status":"publish","type":"post","link":"https:\/\/sankt-augustinus-esslingen.de\/?p=1517","title":{"rendered":"Wir feiern! &#8211; Kirchenjubil\u00e4um\u00a0\u00a0\u00a0\u00a0"},"content":{"rendered":"<p><strong><u>Herzliche Einladung<\/u><\/strong><\/p>\n<p>an alle, die sich mit uns freuen und mitfeiern m\u00f6chten:<\/p>\n<p><span style=\"color: #0000ff;\"><strong><span style=\"text-decoration: underline;\">Am Mittwoch 01. Mai, 10.30 Uhr<\/span><\/strong> einen festlich-fr\u00f6hlichen Gottesdienst, anschlie\u00dfend Mittagessen im Gemeindehaus.<\/span><\/p>\n<p><span style=\"color: #ff00ff;\"><strong><span style=\"text-decoration: underline;\">Am Samstag 04. Mai, 14.00 Uhr<\/span><\/strong> einen bunten Gemeinde-Nachmittag, Auftakt mit dem Musical JONA in der Kirche, anschlie\u00dfend Kaffee, Kuchen und eine Eisbar f\u00fcr kleine und gro\u00dfe Kinder (aber nicht ausschlie\u00dflich!) im Gemeindehaus.<\/span><\/p>\n<p><span style=\"color: #339966;\"><strong><span style=\"text-decoration: underline;\">Am Sonntag 05. Mai, 18.00 Uhr<\/span><\/strong> eine feierliche Maiandacht.<\/span><\/p>\n","protected":false},"excerpt":{"rendered":"<p>Herzliche Einladung an alle, die sich mit uns freuen und mitfeiern m\u00f6chten: Am Mittwoch 01. Mai, 10.30 Uhr einen festlich-fr\u00f6hlichen Gottesdienst, anschlie\u00dfend Mittagessen im Gemeindehaus. Am Samstag 04. Mai, 14.00 Uhr einen bunten Gemeinde-Nachmittag, Auftakt mit dem Musical JONA in der Kirche, anschlie\u00dfend Kaffee, Kuchen und eine Eisbar f\u00fcr kleine und gro\u00dfe Kinder (aber nicht &hellip; <\/p>\n<p class=\"link-more\"><a href=\"https:\/\/sankt-augustinus-esslingen.de\/?p=1517\" class=\"more-link\"><span class=\"screen-reader-text\">\u201eWir feiern! &#8211; Kirchenjubil\u00e4um\u00a0\u00a0\u00a0\u00a0\u201c <\/span>weiterlesen<\/a><\/p>\n","protected":false},"author":1,"featured_media":1471,"comment_status":"closed","ping_status":"open","sticky":false,"template":"","format":"standard","meta":{"footnotes":""},"categories":[4],"tags":[],"class_list":["post-1517","post","type-post","status-publish","format-standard","has-post-thumbnail","hentry","category-blickpunkt"],"_links":{"self":[{"href":"https:\/\/sankt-augustinus-esslingen.de\/index.php?rest_route=\/wp\/v2\/posts\/1517","targetHints":{"allow":["GET"]}}],"collection":[{"href":"https:\/\/sankt-augustinus-esslingen.de\/index.php?rest_route=\/wp\/v2\/posts"}],"about":[{"href":"https:\/\/sankt-augustinus-esslingen.de\/index.php?rest_route=\/wp\/v2\/types\/post"}],"author":[{"embeddable":true,"href":"https:\/\/sankt-augustinus-esslingen.de\/index.php?rest_route=\/wp\/v2\/users\/1"}],"replies":[{"embeddable":true,"href":"https:\/\/sankt-augustinus-esslingen.de\/index.php?rest_route=%2Fwp%2Fv2%2Fcomments&post=1517"}],"version-history":[{"count":3,"href":"https:\/\/sankt-augustinus-esslingen.de\/index.php?rest_route=\/wp\/v2\/posts\/1517\/revisions"}],"predecessor-version":[{"id":1631,"href":"https:\/\/sankt-augustinus-esslingen.de\/index.php?rest_route=\/wp\/v2\/posts\/1517\/revisions\/1631"}],"wp:featuredmedia":[{"embeddable":true,"href":"https:\/\/sankt-augustinus-esslingen.de\/index.php?rest_route=\/wp\/v2\/media\/1471"}],"wp:attachment":[{"href":"https:\/\/sankt-augustinus-esslingen.de\/index.php?rest_route=%2Fwp%2Fv2%2Fmedia&parent=1517"}],"wp:term":[{"taxonomy":"category","embeddable":true,"href":"https:\/\/sankt-augustinus-esslingen.de\/index.php?rest_route=%2Fwp%2Fv2%2Fcategories&post=1517"},{"taxonomy":"post_tag","embeddable":true,"href":"https:\/\/sankt-augustinus-esslingen.de\/index.php?rest_route=%2Fwp%2Fv2%2Ftags&post=1517"}],"curies":[{"name":"wp","href":"https:\/\/api.w.org\/{rel}","templated":true}]}}