{"id":1386,"date":"2019-02-15T19:24:44","date_gmt":"2019-02-15T18:24:44","guid":{"rendered":"http:\/\/sankt-augustinus-esslingen.de\/?p=1386"},"modified":"2019-03-23T12:37:46","modified_gmt":"2019-03-23T11:37:46","slug":"frauenfruehstueck","status":"publish","type":"post","link":"https:\/\/sankt-augustinus-esslingen.de\/?p=1386","title":{"rendered":"Frauenfr\u00fchst\u00fcck"},"content":{"rendered":"<p>Das n\u00e4chste <strong>Frauenfr\u00fchst\u00fcck<\/strong> ist am 30. M\u00e4rz 2019, 9.00 \u2013 11.00 Uhr in R\u00e4umen unter der Christuskirche, der Eingang ist in der Neuffenstra\u00dfe 18.<\/p>\n<p>Bitte anmelden &#8211; \u00fcber des evang. Pfarramt (Tel. 381241) &#8211; sp\u00e4testens am\u00a022.03. Nach Voranmeldung ist auch eine Kinderbetreuung m\u00f6glich.<\/p>\n<p>Es freut sich das \u00f6kum. Vorbereitungsteam\u00a0aus der Christuskirche und von St. Augustinus!<\/p>\n","protected":false},"excerpt":{"rendered":"<p>Das n\u00e4chste Frauenfr\u00fchst\u00fcck ist am 30. M\u00e4rz 2019, 9.00 \u2013 11.00 Uhr in R\u00e4umen unter der Christuskirche, der Eingang ist in der Neuffenstra\u00dfe 18. Bitte anmelden &#8211; \u00fcber des evang. Pfarramt (Tel. 381241) &#8211; sp\u00e4testens am\u00a022.03. Nach Voranmeldung ist auch eine Kinderbetreuung m\u00f6glich. Es freut sich das \u00f6kum. Vorbereitungsteam\u00a0aus der Christuskirche und von St. Augustinus!<\/p>\n","protected":false},"author":1,"featured_media":1387,"comment_status":"closed","ping_status":"open","sticky":false,"template":"","format":"standard","meta":{"footnotes":""},"categories":[4],"tags":[],"class_list":["post-1386","post","type-post","status-publish","format-standard","has-post-thumbnail","hentry","category-blickpunkt"],"_links":{"self":[{"href":"https:\/\/sankt-augustinus-esslingen.de\/index.php?rest_route=\/wp\/v2\/posts\/1386","targetHints":{"allow":["GET"]}}],"collection":[{"href":"https:\/\/sankt-augustinus-esslingen.de\/index.php?rest_route=\/wp\/v2\/posts"}],"about":[{"href":"https:\/\/sankt-augustinus-esslingen.de\/index.php?rest_route=\/wp\/v2\/types\/post"}],"author":[{"embeddable":true,"href":"https:\/\/sankt-augustinus-esslingen.de\/index.php?rest_route=\/wp\/v2\/users\/1"}],"replies":[{"embeddable":true,"href":"https:\/\/sankt-augustinus-esslingen.de\/index.php?rest_route=%2Fwp%2Fv2%2Fcomments&post=1386"}],"version-history":[{"count":1,"href":"https:\/\/sankt-augustinus-esslingen.de\/index.php?rest_route=\/wp\/v2\/posts\/1386\/revisions"}],"predecessor-version":[{"id":1388,"href":"https:\/\/sankt-augustinus-esslingen.de\/index.php?rest_route=\/wp\/v2\/posts\/1386\/revisions\/1388"}],"wp:featuredmedia":[{"embeddable":true,"href":"https:\/\/sankt-augustinus-esslingen.de\/index.php?rest_route=\/wp\/v2\/media\/1387"}],"wp:attachment":[{"href":"https:\/\/sankt-augustinus-esslingen.de\/index.php?rest_route=%2Fwp%2Fv2%2Fmedia&parent=1386"}],"wp:term":[{"taxonomy":"category","embeddable":true,"href":"https:\/\/sankt-augustinus-esslingen.de\/index.php?rest_route=%2Fwp%2Fv2%2Fcategories&post=1386"},{"taxonomy":"post_tag","embeddable":true,"href":"https:\/\/sankt-augustinus-esslingen.de\/index.php?rest_route=%2Fwp%2Fv2%2Ftags&post=1386"}],"curies":[{"name":"wp","href":"https:\/\/api.w.org\/{rel}","templated":true}]}}