{"id":1371,"date":"2019-02-15T19:14:46","date_gmt":"2019-02-15T18:14:46","guid":{"rendered":"http:\/\/sankt-augustinus-esslingen.de\/?p=1371"},"modified":"2019-03-23T12:38:35","modified_gmt":"2019-03-23T11:38:35","slug":"eucharistie-und-stille","status":"publish","type":"post","link":"https:\/\/sankt-augustinus-esslingen.de\/?p=1371","title":{"rendered":"Eucharistie und Stille"},"content":{"rendered":"<p>Eine schlichte Feier, im Chorraum des M\u00fcnsters St. Paul.<\/p>\n<p>Donnerstag, <strong>14. M\u00e4rz um 18.30 Uhr<\/strong>.<\/p>\n<p>Eucharistie und Stille hei\u00dft: Wie der Titel bereits andeutet feiern wir mit viel Stille und einfachen Ges\u00e4ngen. Das Wort Gottes, das gemeinsame eucharistische Mahl und die einzelnen Teile der Liturgie sollen viel Raum erhalten. Ebenfalls die ganz pers\u00f6nliche Begegnung mit Christus im heiligen Mahl.<\/p>\n","protected":false},"excerpt":{"rendered":"<p>Eine schlichte Feier, im Chorraum des M\u00fcnsters St. Paul. Donnerstag, 14. M\u00e4rz um 18.30 Uhr. Eucharistie und Stille hei\u00dft: Wie der Titel bereits andeutet feiern wir mit viel Stille und einfachen Ges\u00e4ngen. Das Wort Gottes, das gemeinsame eucharistische Mahl und die einzelnen Teile der Liturgie sollen viel Raum erhalten. Ebenfalls die ganz pers\u00f6nliche Begegnung mit &hellip; <\/p>\n<p class=\"link-more\"><a href=\"https:\/\/sankt-augustinus-esslingen.de\/?p=1371\" class=\"more-link\"><span class=\"screen-reader-text\">\u201eEucharistie und Stille\u201c <\/span>weiterlesen<\/a><\/p>\n","protected":false},"author":1,"featured_media":1191,"comment_status":"closed","ping_status":"open","sticky":false,"template":"","format":"standard","meta":{"footnotes":""},"categories":[4],"tags":[],"class_list":["post-1371","post","type-post","status-publish","format-standard","has-post-thumbnail","hentry","category-blickpunkt"],"_links":{"self":[{"href":"https:\/\/sankt-augustinus-esslingen.de\/index.php?rest_route=\/wp\/v2\/posts\/1371","targetHints":{"allow":["GET"]}}],"collection":[{"href":"https:\/\/sankt-augustinus-esslingen.de\/index.php?rest_route=\/wp\/v2\/posts"}],"about":[{"href":"https:\/\/sankt-augustinus-esslingen.de\/index.php?rest_route=\/wp\/v2\/types\/post"}],"author":[{"embeddable":true,"href":"https:\/\/sankt-augustinus-esslingen.de\/index.php?rest_route=\/wp\/v2\/users\/1"}],"replies":[{"embeddable":true,"href":"https:\/\/sankt-augustinus-esslingen.de\/index.php?rest_route=%2Fwp%2Fv2%2Fcomments&post=1371"}],"version-history":[{"count":1,"href":"https:\/\/sankt-augustinus-esslingen.de\/index.php?rest_route=\/wp\/v2\/posts\/1371\/revisions"}],"predecessor-version":[{"id":1372,"href":"https:\/\/sankt-augustinus-esslingen.de\/index.php?rest_route=\/wp\/v2\/posts\/1371\/revisions\/1372"}],"wp:featuredmedia":[{"embeddable":true,"href":"https:\/\/sankt-augustinus-esslingen.de\/index.php?rest_route=\/wp\/v2\/media\/1191"}],"wp:attachment":[{"href":"https:\/\/sankt-augustinus-esslingen.de\/index.php?rest_route=%2Fwp%2Fv2%2Fmedia&parent=1371"}],"wp:term":[{"taxonomy":"category","embeddable":true,"href":"https:\/\/sankt-augustinus-esslingen.de\/index.php?rest_route=%2Fwp%2Fv2%2Fcategories&post=1371"},{"taxonomy":"post_tag","embeddable":true,"href":"https:\/\/sankt-augustinus-esslingen.de\/index.php?rest_route=%2Fwp%2Fv2%2Ftags&post=1371"}],"curies":[{"name":"wp","href":"https:\/\/api.w.org\/{rel}","templated":true}]}}