{"id":1365,"date":"2019-02-15T19:12:10","date_gmt":"2019-02-15T18:12:10","guid":{"rendered":"http:\/\/sankt-augustinus-esslingen.de\/?p=1365"},"modified":"2019-03-23T12:38:49","modified_gmt":"2019-03-23T11:38:49","slug":"cafe-flandern-4","status":"publish","type":"post","link":"https:\/\/sankt-augustinus-esslingen.de\/?p=1365","title":{"rendered":"Caf\u00e9 Flandern"},"content":{"rendered":"<p>Das Caf\u00e9 Flandern, Flandernstr. 49, ist ein Ort der Begegnung von Menschen mit und ohne Behinderung. Es hat am Sonntag 17. M\u00e4rz von 14.00-17.00 Uhr wieder ge\u00f6ffnet. Lassen Sie sich in gem\u00fctlicher Atmosph\u00e4re von Menschen mit Handi-cap verw\u00f6hnen. Ihr Besuch ist eine wertvolle Unterst\u00fctzung der Idee. \u00d6ffentlich zu erreichen mit Bus 105, Haltestelle: Am sch\u00f6nen Rain.<\/p>\n","protected":false},"excerpt":{"rendered":"<p>Das Caf\u00e9 Flandern, Flandernstr. 49, ist ein Ort der Begegnung von Menschen mit und ohne Behinderung. Es hat am Sonntag 17. M\u00e4rz von 14.00-17.00 Uhr wieder ge\u00f6ffnet. Lassen Sie sich in gem\u00fctlicher Atmosph\u00e4re von Menschen mit Handi-cap verw\u00f6hnen. Ihr Besuch ist eine wertvolle Unterst\u00fctzung der Idee. \u00d6ffentlich zu erreichen mit Bus 105, Haltestelle: Am sch\u00f6nen &hellip; <\/p>\n<p class=\"link-more\"><a href=\"https:\/\/sankt-augustinus-esslingen.de\/?p=1365\" class=\"more-link\"><span class=\"screen-reader-text\">\u201eCaf\u00e9 Flandern\u201c <\/span>weiterlesen<\/a><\/p>\n","protected":false},"author":1,"featured_media":1249,"comment_status":"closed","ping_status":"open","sticky":false,"template":"","format":"standard","meta":{"footnotes":""},"categories":[4],"tags":[],"class_list":["post-1365","post","type-post","status-publish","format-standard","has-post-thumbnail","hentry","category-blickpunkt"],"_links":{"self":[{"href":"https:\/\/sankt-augustinus-esslingen.de\/index.php?rest_route=\/wp\/v2\/posts\/1365","targetHints":{"allow":["GET"]}}],"collection":[{"href":"https:\/\/sankt-augustinus-esslingen.de\/index.php?rest_route=\/wp\/v2\/posts"}],"about":[{"href":"https:\/\/sankt-augustinus-esslingen.de\/index.php?rest_route=\/wp\/v2\/types\/post"}],"author":[{"embeddable":true,"href":"https:\/\/sankt-augustinus-esslingen.de\/index.php?rest_route=\/wp\/v2\/users\/1"}],"replies":[{"embeddable":true,"href":"https:\/\/sankt-augustinus-esslingen.de\/index.php?rest_route=%2Fwp%2Fv2%2Fcomments&post=1365"}],"version-history":[{"count":1,"href":"https:\/\/sankt-augustinus-esslingen.de\/index.php?rest_route=\/wp\/v2\/posts\/1365\/revisions"}],"predecessor-version":[{"id":1366,"href":"https:\/\/sankt-augustinus-esslingen.de\/index.php?rest_route=\/wp\/v2\/posts\/1365\/revisions\/1366"}],"wp:featuredmedia":[{"embeddable":true,"href":"https:\/\/sankt-augustinus-esslingen.de\/index.php?rest_route=\/wp\/v2\/media\/1249"}],"wp:attachment":[{"href":"https:\/\/sankt-augustinus-esslingen.de\/index.php?rest_route=%2Fwp%2Fv2%2Fmedia&parent=1365"}],"wp:term":[{"taxonomy":"category","embeddable":true,"href":"https:\/\/sankt-augustinus-esslingen.de\/index.php?rest_route=%2Fwp%2Fv2%2Fcategories&post=1365"},{"taxonomy":"post_tag","embeddable":true,"href":"https:\/\/sankt-augustinus-esslingen.de\/index.php?rest_route=%2Fwp%2Fv2%2Ftags&post=1365"}],"curies":[{"name":"wp","href":"https:\/\/api.w.org\/{rel}","templated":true}]}}