{"id":1188,"date":"2019-01-25T17:15:01","date_gmt":"2019-01-25T16:15:01","guid":{"rendered":"http:\/\/sankt-augustinus-esslingen.de\/?p=1188"},"modified":"2019-02-15T19:41:33","modified_gmt":"2019-02-15T18:41:33","slug":"cafe-flandern-3","status":"publish","type":"post","link":"https:\/\/sankt-augustinus-esslingen.de\/?p=1188","title":{"rendered":"Caf\u00e9 Flandern"},"content":{"rendered":"<p>Das Caf\u00e9 Flandern, Flandernstr. 49, ist ein Ort der Begegnung von Menschen mit und ohne Behinderung. Es hat am Sonntag 10. Februar von 14.00-17.00 Uhr wieder ge\u00f6ffnet. Ehrenamtlich Engagierte der kath. Kirchengemeinde St. Josef werden gemeinsam mit behinderten Menschen den Betrieb organisieren.<\/p>\n<p>Lassen Sie sich also in gem\u00fctlicher Atmosph\u00e4re von Menschen mit Handicap verw\u00f6hnen. Ihr Besuch ist eine wertvolle Unterst\u00fctzung der Idee.<\/p>\n<p>Bus 105, Haltestelle: Am sch\u00f6nen Rain.<\/p>\n","protected":false},"excerpt":{"rendered":"<p>Das Caf\u00e9 Flandern, Flandernstr. 49, ist ein Ort der Begegnung von Menschen mit und ohne Behinderung. Es hat am Sonntag 10. Februar von 14.00-17.00 Uhr wieder ge\u00f6ffnet. Ehrenamtlich Engagierte der kath. Kirchengemeinde St. Josef werden gemeinsam mit behinderten Menschen den Betrieb organisieren. Lassen Sie sich also in gem\u00fctlicher Atmosph\u00e4re von Menschen mit Handicap verw\u00f6hnen. Ihr &hellip; <\/p>\n<p class=\"link-more\"><a href=\"https:\/\/sankt-augustinus-esslingen.de\/?p=1188\" class=\"more-link\"><span class=\"screen-reader-text\">\u201eCaf\u00e9 Flandern\u201c <\/span>weiterlesen<\/a><\/p>\n","protected":false},"author":1,"featured_media":1249,"comment_status":"closed","ping_status":"open","sticky":false,"template":"","format":"standard","meta":{"footnotes":""},"categories":[4],"tags":[],"class_list":["post-1188","post","type-post","status-publish","format-standard","has-post-thumbnail","hentry","category-blickpunkt"],"_links":{"self":[{"href":"https:\/\/sankt-augustinus-esslingen.de\/index.php?rest_route=\/wp\/v2\/posts\/1188","targetHints":{"allow":["GET"]}}],"collection":[{"href":"https:\/\/sankt-augustinus-esslingen.de\/index.php?rest_route=\/wp\/v2\/posts"}],"about":[{"href":"https:\/\/sankt-augustinus-esslingen.de\/index.php?rest_route=\/wp\/v2\/types\/post"}],"author":[{"embeddable":true,"href":"https:\/\/sankt-augustinus-esslingen.de\/index.php?rest_route=\/wp\/v2\/users\/1"}],"replies":[{"embeddable":true,"href":"https:\/\/sankt-augustinus-esslingen.de\/index.php?rest_route=%2Fwp%2Fv2%2Fcomments&post=1188"}],"version-history":[{"count":1,"href":"https:\/\/sankt-augustinus-esslingen.de\/index.php?rest_route=\/wp\/v2\/posts\/1188\/revisions"}],"predecessor-version":[{"id":1189,"href":"https:\/\/sankt-augustinus-esslingen.de\/index.php?rest_route=\/wp\/v2\/posts\/1188\/revisions\/1189"}],"wp:featuredmedia":[{"embeddable":true,"href":"https:\/\/sankt-augustinus-esslingen.de\/index.php?rest_route=\/wp\/v2\/media\/1249"}],"wp:attachment":[{"href":"https:\/\/sankt-augustinus-esslingen.de\/index.php?rest_route=%2Fwp%2Fv2%2Fmedia&parent=1188"}],"wp:term":[{"taxonomy":"category","embeddable":true,"href":"https:\/\/sankt-augustinus-esslingen.de\/index.php?rest_route=%2Fwp%2Fv2%2Fcategories&post=1188"},{"taxonomy":"post_tag","embeddable":true,"href":"https:\/\/sankt-augustinus-esslingen.de\/index.php?rest_route=%2Fwp%2Fv2%2Ftags&post=1188"}],"curies":[{"name":"wp","href":"https:\/\/api.w.org\/{rel}","templated":true}]}}