{"id":1133,"date":"2018-12-21T10:44:53","date_gmt":"2018-12-21T09:44:53","guid":{"rendered":"http:\/\/sankt-augustinus-esslingen.de\/?p=1133"},"modified":"2019-01-25T23:42:28","modified_gmt":"2019-01-25T22:42:28","slug":"befragung-zu-den-gottesdiensten-am-sonntag","status":"publish","type":"post","link":"https:\/\/sankt-augustinus-esslingen.de\/?p=1133","title":{"rendered":"Befragung zu den Gottesdiensten am Sonntag"},"content":{"rendered":"<p><strong>in den Kirchengemeinden der Kath. Kirche Esslingen<\/strong><\/p>\n<p>Geringer werdende Zahlen bei den Priestern und Pastoralen Mitarbeiter*innen, bei den Ehrenamtlichen wie auch bei den Gottesdienstbesuchern f\u00fchren dazu, dass immer h\u00e4ufiger Gottesdienste provisorisch gehalten werden m\u00fcssen. Auch gibt es manche Unzufriedenheiten, die immer wieder zur Sprache kommen. Gerne m\u00f6chten wir bei der anstehenden Entscheidung einer Ver\u00e4nderung Ihre Meinung ber\u00fccksichtigen und bitten Sie deshalb, Frageb\u00f6gen auszuf\u00fcllen. Sie erhalten diese nach den Gottesdiensten im Januar oder finden diese an unserem Schriftenstand. Die R\u00fcckgabe der ausgef\u00fcllten B\u00f6gen sollte bis zum 5. Februar im Briefkasten des Pfarrb\u00fcros erfolgen. Herzlichen Dank f\u00fcr Ihre Beteiligung!<\/p>\n","protected":false},"excerpt":{"rendered":"<p>in den Kirchengemeinden der Kath. Kirche Esslingen Geringer werdende Zahlen bei den Priestern und Pastoralen Mitarbeiter*innen, bei den Ehrenamtlichen wie auch bei den Gottesdienstbesuchern f\u00fchren dazu, dass immer h\u00e4ufiger Gottesdienste provisorisch gehalten werden m\u00fcssen. Auch gibt es manche Unzufriedenheiten, die immer wieder zur Sprache kommen. Gerne m\u00f6chten wir bei der anstehenden Entscheidung einer Ver\u00e4nderung Ihre &hellip; <\/p>\n<p class=\"link-more\"><a href=\"https:\/\/sankt-augustinus-esslingen.de\/?p=1133\" class=\"more-link\"><span class=\"screen-reader-text\">\u201eBefragung zu den Gottesdiensten am Sonntag\u201c <\/span>weiterlesen<\/a><\/p>\n","protected":false},"author":1,"featured_media":0,"comment_status":"closed","ping_status":"open","sticky":false,"template":"","format":"standard","meta":{"footnotes":""},"categories":[4],"tags":[],"class_list":["post-1133","post","type-post","status-publish","format-standard","hentry","category-blickpunkt"],"_links":{"self":[{"href":"https:\/\/sankt-augustinus-esslingen.de\/index.php?rest_route=\/wp\/v2\/posts\/1133","targetHints":{"allow":["GET"]}}],"collection":[{"href":"https:\/\/sankt-augustinus-esslingen.de\/index.php?rest_route=\/wp\/v2\/posts"}],"about":[{"href":"https:\/\/sankt-augustinus-esslingen.de\/index.php?rest_route=\/wp\/v2\/types\/post"}],"author":[{"embeddable":true,"href":"https:\/\/sankt-augustinus-esslingen.de\/index.php?rest_route=\/wp\/v2\/users\/1"}],"replies":[{"embeddable":true,"href":"https:\/\/sankt-augustinus-esslingen.de\/index.php?rest_route=%2Fwp%2Fv2%2Fcomments&post=1133"}],"version-history":[{"count":1,"href":"https:\/\/sankt-augustinus-esslingen.de\/index.php?rest_route=\/wp\/v2\/posts\/1133\/revisions"}],"predecessor-version":[{"id":1136,"href":"https:\/\/sankt-augustinus-esslingen.de\/index.php?rest_route=\/wp\/v2\/posts\/1133\/revisions\/1136"}],"wp:attachment":[{"href":"https:\/\/sankt-augustinus-esslingen.de\/index.php?rest_route=%2Fwp%2Fv2%2Fmedia&parent=1133"}],"wp:term":[{"taxonomy":"category","embeddable":true,"href":"https:\/\/sankt-augustinus-esslingen.de\/index.php?rest_route=%2Fwp%2Fv2%2Fcategories&post=1133"},{"taxonomy":"post_tag","embeddable":true,"href":"https:\/\/sankt-augustinus-esslingen.de\/index.php?rest_route=%2Fwp%2Fv2%2Ftags&post=1133"}],"curies":[{"name":"wp","href":"https:\/\/api.w.org\/{rel}","templated":true}]}}